{"id":14243,"date":"2021-10-19T06:18:21","date_gmt":"2021-10-19T11:18:21","guid":{"rendered":"http:\/\/localhost\/pagina\/?p=14243"},"modified":"2021-11-01T12:30:58","modified_gmt":"2021-11-01T17:30:58","slug":"asociacion-integrada-de-mujeres-campesinas-siembra-y-sql","status":"publish","type":"post","link":"http:\/\/8.243.70.68\/pagina\/asociacion-integrada-de-mujeres-campesinas-siembra-y-sql\/","title":{"rendered":"Asociaci\u00f3n integrada de mujeres campesinas siembra y cosecha el campo en C\u00facuta"},"content":{"rendered":"\t\t<div data-elementor-type=\"wp-post\" data-elementor-id=\"14243\" class=\"elementor elementor-14243\">\n\t\t\t\t\t\t<section class=\"elementor-section elementor-top-section elementor-element elementor-element-01beb71 elementor-section-boxed elementor-section-height-default elementor-section-height-default\" data-id=\"01beb71\" data-element_type=\"section\">\n\t\t\t\t\t\t<div class=\"elementor-container elementor-column-gap-default\">\n\t\t\t\t\t<div class=\"elementor-column elementor-col-100 elementor-top-column elementor-element elementor-element-5748acd\" data-id=\"5748acd\" data-element_type=\"column\">\n\t\t\t<div class=\"elementor-widget-wrap elementor-element-populated\">\n\t\t\t\t\t\t<div class=\"elementor-element elementor-element-ea8ce37 elementor-arrows-position-inside elementor-pagination-position-outside elementor-widget elementor-widget-image-carousel\" data-id=\"ea8ce37\" data-element_type=\"widget\" data-settings=\"{&quot;slides_to_show&quot;:&quot;1&quot;,&quot;navigation&quot;:&quot;both&quot;,&quot;autoplay&quot;:&quot;yes&quot;,&quot;pause_on_hover&quot;:&quot;yes&quot;,&quot;pause_on_interaction&quot;:&quot;yes&quot;,&quot;autoplay_speed&quot;:5000,&quot;infinite&quot;:&quot;yes&quot;,&quot;effect&quot;:&quot;slide&quot;,&quot;speed&quot;:500}\" data-widget_type=\"image-carousel.default\">\n\t\t\t\t<div class=\"elementor-widget-container\">\n\t\t\t\t\t<div class=\"elementor-image-carousel-wrapper swiper\" dir=\"ltr\">\n\t\t\t<div class=\"elementor-image-carousel swiper-wrapper\" aria-live=\"off\">\n\t\t\t\t\t\t\t\t<div class=\"swiper-slide\" role=\"group\" aria-roledescription=\"slide\" aria-label=\"1 of 2\"><figure class=\"swiper-slide-inner\"><img decoding=\"async\" class=\"swiper-slide-image\" src=\"\/pagina\/wp-content\/uploads\/2021\/10\/53297_img20211019wa0001_1024x600.jpg\" alt=\"\" \/><\/figure><\/div><div class=\"swiper-slide\" role=\"group\" aria-roledescription=\"slide\" aria-label=\"2 of 2\"><figure class=\"swiper-slide-inner\"><img decoding=\"async\" class=\"swiper-slide-image\" src=\"\/pagina\/wp-content\/uploads\/2021\/10\/53298_img20211019wa0000_1024x600.jpg\" alt=\"\" \/><\/figure><\/div>\t\t\t<\/div>\n\t\t\t\t\t\t\t\t\t\t\t\t<div class=\"elementor-swiper-button elementor-swiper-button-prev\" role=\"button\" tabindex=\"0\">\n\t\t\t\t\t\t<i aria-hidden=\"true\" class=\"eicon-chevron-left\"><\/i>\t\t\t\t\t<\/div>\n\t\t\t\t\t<div class=\"elementor-swiper-button elementor-swiper-button-next\" role=\"button\" tabindex=\"0\">\n\t\t\t\t\t\t<i aria-hidden=\"true\" class=\"eicon-chevron-right\"><\/i>\t\t\t\t\t<\/div>\n\t\t\t\t\n\t\t\t\t\t\t\t\t\t<div class=\"swiper-pagination\"><\/div>\n\t\t\t\t\t\t\t\t\t<\/div>\n\t\t\t\t<\/div>\n\t\t\t\t<\/div>\n\t\t\t\t\t<\/div>\n\t\t<\/div>\n\t\t\t\t\t<\/div>\n\t\t<\/section>\n\t\t\t\t<section class=\"elementor-section elementor-top-section elementor-element elementor-element-8459750 elementor-section-boxed elementor-section-height-default elementor-section-height-default\" data-id=\"8459750\" data-element_type=\"section\">\n\t\t\t\t\t\t<div class=\"elementor-container elementor-column-gap-default\">\n\t\t\t\t\t<div class=\"elementor-column elementor-col-100 elementor-top-column elementor-element elementor-element-99c2f9a\" data-id=\"99c2f9a\" data-element_type=\"column\">\n\t\t\t<div class=\"elementor-widget-wrap elementor-element-populated\">\n\t\t\t\t\t\t<div class=\"elementor-element elementor-element-090e582 elementor-widget elementor-widget-text-editor\" data-id=\"090e582\" data-element_type=\"widget\" data-widget_type=\"text-editor.default\">\n\t\t\t\t<div class=\"elementor-widget-container\">\n\t\t\t\t\t\t\t<p><br><\/p><p>La asociaci\u00f3n de emprendedoras de la vereda el Suspiro naci\u00f3 hace 12 a\u00f1os por iniciativa de varias mujeres de la regi\u00f3n.&nbsp;<\/p><p>Arar la tierra, cultivar, limpiar, y cosechar son acciones que cotidianamente realizan los hombres en el campo colombiano, esto mientras sus esposas en el hogar se dedican a los quehaceres diarios como preparar los alimentos y cuidar de sus hijos.&nbsp;<\/p><p>Sin embargo, este paradigma se rompi\u00f3 por un grupo de mujeres de la vereda el Suspiro en el corregimiento de Palmarito, zona rural de C\u00facuta quienes, a pesar de dificultades sociales, el conflicto armado y el fen\u00f3meno del machismo, con pala y machete en mano se dedican a sembrar, cuidar y cosechar sus propios productos.&nbsp;<\/p><p>En un peque\u00f1o terreno en medio del basto campo est\u00e1 ubicada una huerta, se\u00f1alizada con colores y con los nombres de cada una de las mujeres que integran la asociaci\u00f3n, lo cual da un toque de sensibilidad y sutileza a los cultivos.<\/p><p>\u201cFue un sue\u00f1o que inici\u00f3 hace 12 a\u00f1os. Empezamos formando la asociaci\u00f3n luego de ver que pod\u00edamos presentar proyectos y traerlos para nuestra vereda porque ve\u00eda otras asociaciones que les ayudaban y pensamos que pod\u00edamos tambi\u00e9n; no fue f\u00e1cil, pero nos organizamos, 20 mujeres arrancamos en ese a\u00f1o haciendo varias actividades como vender comida para conformar la asociaci\u00f3n\u201d, expres\u00f3 Rosmira Rinc\u00f3n presidenta de la asociaci\u00f3n de emprendedoras de la vereda el Suspiro.<\/p><p>Con capacitaciones por parte del Sena en manipulaci\u00f3n de alimentos y otros saberes arrancaron. Pero las ayudas no llegaban, \u201cA pesar que pas\u00e1bamos cartas, busc\u00e1bamos ayuda a las instituciones y administraciones no recibimos respuestas, ten\u00edamos la asociaci\u00f3n en papeles, sin ning\u00fan apoyo, eso desanim\u00f3 mucho a las mujeres, muchas de ellas madres cabeza de familia\u201d<\/p><p>Sin embargo, con el apoyo de Uni\u00f3n Europea, Cooperaci\u00f3n Internacional Alemana para el Desarrollo GIZ, la asociaci\u00f3n hortifrut\u00edcola de Colombia -Asohofrucol- y la Alcald\u00eda de C\u00facuta por medio de la Secretar\u00eda de Desarrollo Social, Asomuensus encontr\u00f3 en medio de la pandemia un espacio para presentar una propuesta de intervenci\u00f3n en sus territorios que fue el punto de partida para iniciar el sue\u00f1o de estas mujeres.&nbsp;<\/p><p>\u201cCon mucha fe pasamos una carta presentando un proyecto av\u00edcola y de siembra de productos, nos llamaron y nos dijeron que hab\u00edamos sido seleccionadas fue una gran alegr\u00eda para nosotras, en el mes de junio empezamos a trabajar en un terreno que limpiamos y acondicionamos para sembrar, recibimos capacitaciones por parte de la administraci\u00f3n municipal y de GIZ\u201d&nbsp;<\/p><p>Hoy en d\u00eda 34 mujeres, muchas de ellas cabeza de hogar, desplazadas y migrantes, cuentan con un peque\u00f1o espacio donde sembrar. Ellas consienten sus cultivos como si fueran un hijo m\u00e1s y los protegen de la maleza que les impida crecer.&nbsp;<\/p><p>Tomate, aj\u00ed, pi\u00f1a, pepino, mel\u00f3n, cilantro, frijol entre otros productos hacen parte de las huertas caseras que tienen las mujeres de Asomuensus, quienes con t\u00e9cnica y orden fueron mejorando sus cultivos que sirven para comercializar de a poco y para su diario vivir.&nbsp;<\/p><p>Al preguntar por qu\u00e9 la asociaci\u00f3n est\u00e1 integrada solo por mujeres, Laura Bautista Villamizar, cofundadora de la Asociaci\u00f3n, dijo que era una oportunidad \u00fanica para demostrar que las mujeres son m\u00e1s organizadas y que con amor y cuidado las cosechas son m\u00e1s fructuosas.&nbsp;&nbsp;<\/p><p>\u201cHemos demostrado siempre que las mujeres si podemos al contrario como muchos piensan, queremos producir mostrar nuestros productos y tenemos mucho \u00e1nimo porque esta es una oportunidad \u00fanica que no la hab\u00edamos tenido; los proyectos de pollos de engorde y las huertas caseras es el inicio de un cambio en nuestras vidas, dejamos de comprar y ahora producimos y m\u00e1s adelante estaremos comercializando lo que producimos en la tierra\u201d&nbsp;<\/p><p>Las jornadas de sol a sol son acompa\u00f1adas de alimentos y agua de panela que brindan fuerza en medio de los extenuantes recorridos que hacen en los terrenos, los cuales a pesar de las inclemencias del clima y de las dificultades realizan todos los d\u00edas.&nbsp; &nbsp;<\/p><p>Jacqueline Colmenares es una mujer de 32 a\u00f1os de edad oriunda de Maracaibo, ama de casa y madre de 4 hijos, desde hace 4 a\u00f1os pertenece a la asociaci\u00f3n, a la cual se integr\u00f3 una vez lleg\u00f3 de Venezuela a la vereda el Suspiro; en ella asegura que encontr\u00f3 una oportunidad para aprender de un oficio propio de hombres, pero al cual le mete toda la energ\u00eda y el coraz\u00f3n.&nbsp;<\/p><p>\u201cEsta es una ense\u00f1anza para nosotras, nos gusta lo que hacemos porque es un emprendimiento entre todas, es el sustento para nuestra familia, lo hago con mucho amor porque s\u00e9 que son mis cosas, las cuales yo misma cultivo y cuido, por eso sue\u00f1o con ser alg\u00fan d\u00eda una gran empresaria que todas crezcamos con la asociaci\u00f3n, apoyarnos una a otras\u201d dijo.&nbsp;<\/p><p>Uno de los grandes logros para estas mujeres, es materializar el proyecto de pollos de engorde en la zona, que recibi\u00f3 el apoyo de la Uni\u00f3n Europea, GIZ, Asohofrucol y la Secretar\u00eda de Desarrollo Social de C\u00facuta, para adecuar una granja que en meses estar\u00e1 generando una nueva oportunidad de empleo para estas mujeres.<\/p><p>\u201cEs un sue\u00f1o para nosotras poder vender un producto propio en toda la ciudad, por eso es importante contar con una cadena de comercializaci\u00f3n s\u00f3lida que entreguemos el pollo arreglado y llegue a la mesa de las personas en perfectas condiciones, sano y rico que es preparado por las manos de mujeres campesinas de la ciudad\u201d&nbsp; &nbsp; &nbsp;<\/p><p>La resiliencia y la esperanza son actores fundamentales en el d\u00eda a d\u00eda de estas mujeres, quienes demuestran con tes\u00f3n que las adversidades y el contexto no son excusa para desempe\u00f1ar cualquier labor que se propongan y env\u00edan un mensaje contundente a una sociedad que en m\u00faltiples escenarios las restringe por su g\u00e9nero, desconociendo las excelsas contribuciones a labores que se creen propias y exclusivas de los hombres.<\/p><p><br><\/p>\t\t\t\t\t\t<\/div>\n\t\t\t\t<\/div>\n\t\t\t\t\t<\/div>\n\t\t<\/div>\n\t\t\t\t\t<\/div>\n\t\t<\/section>\n\t\t\t\t<section class=\"elementor-section elementor-top-section elementor-element elementor-element-14a88e4 elementor-section-boxed elementor-section-height-default elementor-section-height-default\" data-id=\"14a88e4\" data-element_type=\"section\">\n\t\t\t\t\t\t<div class=\"elementor-container elementor-column-gap-default\">\n\t\t\t\t\t<div class=\"elementor-column elementor-col-100 elementor-top-column elementor-element elementor-element-5543326\" data-id=\"5543326\" data-element_type=\"column\">\n\t\t\t<div class=\"elementor-widget-wrap elementor-element-populated\">\n\t\t\t\t\t\t\t<\/div>\n\t\t<\/div>\n\t\t\t\t\t<\/div>\n\t\t<\/section>\n\t\t\t\t<section class=\"elementor-section elementor-top-section elementor-element elementor-element-e8cfa56 elementor-section-boxed elementor-section-height-default elementor-section-height-default\" data-id=\"e8cfa56\" data-element_type=\"section\">\n\t\t\t\t\t\t<div class=\"elementor-container elementor-column-gap-default\">\n\t\t\t\t\t<div class=\"elementor-column elementor-col-100 elementor-top-column elementor-element elementor-element-57670b6\" data-id=\"57670b6\" data-element_type=\"column\">\n\t\t\t<div class=\"elementor-widget-wrap elementor-element-populated\">\n\t\t\t\t\t\t<div class=\"elementor-element elementor-element-ac8e862 elementor-icon-list--layout-inline elementor-list-item-link-full_width elementor-widget elementor-widget-icon-list\" data-id=\"ac8e862\" data-element_type=\"widget\" data-widget_type=\"icon-list.default\">\n\t\t\t\t<div class=\"elementor-widget-container\">\n\t\t\t\t\t<ul class=\"elementor-icon-list-items elementor-inline-items\">\n\t\t\t\t\t<\/ul>\n\t\t\t\t<\/div>\n\t\t\t\t<\/div>\n\t\t\t\t\t<\/div>\n\t\t<\/div>\n\t\t\t\t\t<\/div>\n\t\t<\/section>\n\t\t\t\t<\/div>\n\t\t","protected":false},"excerpt":{"rendered":"<p>La asociaci\u00f3n de emprendedoras de la vereda el Suspiro naci\u00f3 hace 12 a\u00f1os por iniciativa de varias mujeres de la regi\u00f3n.\u00a0<br \/>\nArar la tierra, cultivar, limpiar, y cosechar son acciones que cotidianamente<\/p>\n","protected":false},"author":8,"featured_media":16468,"comment_status":"closed","ping_status":"open","sticky":false,"template":"elementor_theme","format":"standard","meta":{"footnotes":""},"categories":[74],"tags":[],"class_list":["post-14243","post","type-post","status-publish","format-standard","has-post-thumbnail","hentry","category-noticias"],"yoast_head":"<!-- This site is optimized with the Yoast SEO plugin v17.5 - https:\/\/yoast.com\/wordpress\/plugins\/seo\/ -->\r\n<title>Asociaci\u00f3n integrada de mujeres campesinas siembra y cosecha el campo en C\u00facuta -<\/title>\r\n<meta name=\"robots\" content=\"index, follow, max-snippet:-1, max-image-preview:large, max-video-preview:-1\" \/>\r\n<link rel=\"canonical\" href=\"http:\/\/8.243.70.68\/pagina\/asociacion-integrada-de-mujeres-campesinas-siembra-y-sql\/\" \/>\r\n<meta property=\"og:locale\" content=\"es_ES\" \/>\r\n<meta property=\"og:type\" content=\"article\" \/>\r\n<meta property=\"og:title\" content=\"Asociaci\u00f3n integrada de mujeres campesinas siembra y cosecha el campo en C\u00facuta -\" \/>\r\n<meta property=\"og:description\" content=\"La asociaci\u00f3n de emprendedoras de la vereda el Suspiro naci\u00f3 hace 12 a\u00f1os por iniciativa de varias mujeres de la regi\u00f3n.\u00a0 Arar la tierra, cultivar, limpiar, y cosechar son acciones que cotidianamente\" \/>\r\n<meta property=\"og:url\" content=\"http:\/\/8.243.70.68\/pagina\/asociacion-integrada-de-mujeres-campesinas-siembra-y-sql\/\" \/>\r\n<meta property=\"article:published_time\" content=\"2021-10-19T11:18:21+00:00\" \/>\r\n<meta property=\"article:modified_time\" content=\"2021-11-01T17:30:58+00:00\" \/>\r\n<meta property=\"og:image\" content=\"http:\/\/8.243.70.68\/pagina\/wp-content\/uploads\/2021\/10\/53296_asociacion-integrada-de-mujeres-campesinas-siembra-y_1024x600.jpg\" \/>\r\n\t<meta property=\"og:image:width\" content=\"900\" \/>\r\n\t<meta property=\"og:image:height\" content=\"600\" \/>\r\n<meta name=\"twitter:card\" content=\"summary_large_image\" \/>\r\n<meta name=\"twitter:label1\" content=\"Escrito por\" \/>\n\t<meta name=\"twitter:data1\" content=\"CARLOS JOSE PABLOS GUTIERREZ\" \/>\n\t<meta name=\"twitter:label2\" content=\"Tiempo estimado de lectura\" \/>\n\t<meta name=\"twitter:data2\" content=\"5 minutos\" \/>\r\n<script type=\"application\/ld+json\" class=\"yoast-schema-graph\">{\"@context\":\"https:\/\/schema.org\",\"@graph\":[{\"@type\":\"WebSite\",\"@id\":\"http:\/\/8.243.70.68\/pagina\/#website\",\"url\":\"http:\/\/8.243.70.68\/pagina\/\",\"name\":\"\",\"description\":\"\",\"potentialAction\":[{\"@type\":\"SearchAction\",\"target\":{\"@type\":\"EntryPoint\",\"urlTemplate\":\"http:\/\/8.243.70.68\/pagina\/?s={search_term_string}\"},\"query-input\":\"required name=search_term_string\"}],\"inLanguage\":\"es-CO\"},{\"@type\":\"ImageObject\",\"@id\":\"http:\/\/8.243.70.68\/pagina\/asociacion-integrada-de-mujeres-campesinas-siembra-y-sql\/#primaryimage\",\"inLanguage\":\"es-CO\",\"url\":\"http:\/\/8.243.70.68\/pagina\/wp-content\/uploads\/2021\/10\/53296_asociacion-integrada-de-mujeres-campesinas-siembra-y_1024x600.jpg\",\"contentUrl\":\"http:\/\/8.243.70.68\/pagina\/wp-content\/uploads\/2021\/10\/53296_asociacion-integrada-de-mujeres-campesinas-siembra-y_1024x600.jpg\",\"width\":900,\"height\":600},{\"@type\":\"WebPage\",\"@id\":\"http:\/\/8.243.70.68\/pagina\/asociacion-integrada-de-mujeres-campesinas-siembra-y-sql\/#webpage\",\"url\":\"http:\/\/8.243.70.68\/pagina\/asociacion-integrada-de-mujeres-campesinas-siembra-y-sql\/\",\"name\":\"Asociaci\\u00f3n integrada de mujeres campesinas siembra y cosecha el campo en C\\u00facuta -\",\"isPartOf\":{\"@id\":\"http:\/\/8.243.70.68\/pagina\/#website\"},\"primaryImageOfPage\":{\"@id\":\"http:\/\/8.243.70.68\/pagina\/asociacion-integrada-de-mujeres-campesinas-siembra-y-sql\/#primaryimage\"},\"datePublished\":\"2021-10-19T11:18:21+00:00\",\"dateModified\":\"2021-11-01T17:30:58+00:00\",\"author\":{\"@id\":\"http:\/\/8.243.70.68\/pagina\/#\/schema\/person\/d4edade63cce9a82562ad8f82660f77b\"},\"breadcrumb\":{\"@id\":\"http:\/\/8.243.70.68\/pagina\/asociacion-integrada-de-mujeres-campesinas-siembra-y-sql\/#breadcrumb\"},\"inLanguage\":\"es-CO\",\"potentialAction\":[{\"@type\":\"ReadAction\",\"target\":[\"http:\/\/8.243.70.68\/pagina\/asociacion-integrada-de-mujeres-campesinas-siembra-y-sql\/\"]}]},{\"@type\":\"BreadcrumbList\",\"@id\":\"http:\/\/8.243.70.68\/pagina\/asociacion-integrada-de-mujeres-campesinas-siembra-y-sql\/#breadcrumb\",\"itemListElement\":[{\"@type\":\"ListItem\",\"position\":1,\"name\":\"Inicio\",\"item\":\"http:\/\/8.243.70.68\/pagina\/\"},{\"@type\":\"ListItem\",\"position\":2,\"name\":\"Asociaci\\u00f3n integrada de mujeres campesinas siembra y cosecha el campo en C\\u00facuta\"}]},{\"@type\":\"Person\",\"@id\":\"http:\/\/8.243.70.68\/pagina\/#\/schema\/person\/d4edade63cce9a82562ad8f82660f77b\",\"name\":\"CARLOS JOSE PABLOS GUTIERREZ\",\"image\":{\"@type\":\"ImageObject\",\"@id\":\"http:\/\/8.243.70.68\/pagina\/#personlogo\",\"inLanguage\":\"es-CO\",\"url\":\"https:\/\/secure.gravatar.com\/avatar\/06ffe7e257ba81e46757f49c36dc54925728bca41b0c3e04a176006956b5fa5a?s=96&d=blank&r=g\",\"contentUrl\":\"https:\/\/secure.gravatar.com\/avatar\/06ffe7e257ba81e46757f49c36dc54925728bca41b0c3e04a176006956b5fa5a?s=96&d=blank&r=g\",\"caption\":\"CARLOS JOSE PABLOS GUTIERREZ\"},\"url\":\"http:\/\/8.243.70.68\/pagina\/author\/carlos-pablos\/\"}]}<\/script>\r\n<!-- \/ Yoast SEO plugin. -->","yoast_head_json":{"title":"Asociaci\u00f3n integrada de mujeres campesinas siembra y cosecha el campo en C\u00facuta -","robots":{"index":"index","follow":"follow","max-snippet":"max-snippet:-1","max-image-preview":"max-image-preview:large","max-video-preview":"max-video-preview:-1"},"canonical":"http:\/\/8.243.70.68\/pagina\/asociacion-integrada-de-mujeres-campesinas-siembra-y-sql\/","og_locale":"es_ES","og_type":"article","og_title":"Asociaci\u00f3n integrada de mujeres campesinas siembra y cosecha el campo en C\u00facuta -","og_description":"La asociaci\u00f3n de emprendedoras de la vereda el Suspiro naci\u00f3 hace 12 a\u00f1os por iniciativa de varias mujeres de la regi\u00f3n.\u00a0 Arar la tierra, cultivar, limpiar, y cosechar son acciones que cotidianamente","og_url":"http:\/\/8.243.70.68\/pagina\/asociacion-integrada-de-mujeres-campesinas-siembra-y-sql\/","article_published_time":"2021-10-19T11:18:21+00:00","article_modified_time":"2021-11-01T17:30:58+00:00","og_image":[{"width":900,"height":600,"url":"http:\/\/8.243.70.68\/pagina\/wp-content\/uploads\/2021\/10\/53296_asociacion-integrada-de-mujeres-campesinas-siembra-y_1024x600.jpg","type":"image\/jpeg"}],"twitter_card":"summary_large_image","twitter_misc":{"Escrito por":"CARLOS JOSE PABLOS GUTIERREZ","Tiempo estimado de lectura":"5 minutos"},"schema":{"@context":"https:\/\/schema.org","@graph":[{"@type":"WebSite","@id":"http:\/\/8.243.70.68\/pagina\/#website","url":"http:\/\/8.243.70.68\/pagina\/","name":"","description":"","potentialAction":[{"@type":"SearchAction","target":{"@type":"EntryPoint","urlTemplate":"http:\/\/8.243.70.68\/pagina\/?s={search_term_string}"},"query-input":"required name=search_term_string"}],"inLanguage":"es-CO"},{"@type":"ImageObject","@id":"http:\/\/8.243.70.68\/pagina\/asociacion-integrada-de-mujeres-campesinas-siembra-y-sql\/#primaryimage","inLanguage":"es-CO","url":"http:\/\/8.243.70.68\/pagina\/wp-content\/uploads\/2021\/10\/53296_asociacion-integrada-de-mujeres-campesinas-siembra-y_1024x600.jpg","contentUrl":"http:\/\/8.243.70.68\/pagina\/wp-content\/uploads\/2021\/10\/53296_asociacion-integrada-de-mujeres-campesinas-siembra-y_1024x600.jpg","width":900,"height":600},{"@type":"WebPage","@id":"http:\/\/8.243.70.68\/pagina\/asociacion-integrada-de-mujeres-campesinas-siembra-y-sql\/#webpage","url":"http:\/\/8.243.70.68\/pagina\/asociacion-integrada-de-mujeres-campesinas-siembra-y-sql\/","name":"Asociaci\u00f3n integrada de mujeres campesinas siembra y cosecha el campo en C\u00facuta -","isPartOf":{"@id":"http:\/\/8.243.70.68\/pagina\/#website"},"primaryImageOfPage":{"@id":"http:\/\/8.243.70.68\/pagina\/asociacion-integrada-de-mujeres-campesinas-siembra-y-sql\/#primaryimage"},"datePublished":"2021-10-19T11:18:21+00:00","dateModified":"2021-11-01T17:30:58+00:00","author":{"@id":"http:\/\/8.243.70.68\/pagina\/#\/schema\/person\/d4edade63cce9a82562ad8f82660f77b"},"breadcrumb":{"@id":"http:\/\/8.243.70.68\/pagina\/asociacion-integrada-de-mujeres-campesinas-siembra-y-sql\/#breadcrumb"},"inLanguage":"es-CO","potentialAction":[{"@type":"ReadAction","target":["http:\/\/8.243.70.68\/pagina\/asociacion-integrada-de-mujeres-campesinas-siembra-y-sql\/"]}]},{"@type":"BreadcrumbList","@id":"http:\/\/8.243.70.68\/pagina\/asociacion-integrada-de-mujeres-campesinas-siembra-y-sql\/#breadcrumb","itemListElement":[{"@type":"ListItem","position":1,"name":"Inicio","item":"http:\/\/8.243.70.68\/pagina\/"},{"@type":"ListItem","position":2,"name":"Asociaci\u00f3n integrada de mujeres campesinas siembra y cosecha el campo en C\u00facuta"}]},{"@type":"Person","@id":"http:\/\/8.243.70.68\/pagina\/#\/schema\/person\/d4edade63cce9a82562ad8f82660f77b","name":"CARLOS JOSE PABLOS GUTIERREZ","image":{"@type":"ImageObject","@id":"http:\/\/8.243.70.68\/pagina\/#personlogo","inLanguage":"es-CO","url":"https:\/\/secure.gravatar.com\/avatar\/06ffe7e257ba81e46757f49c36dc54925728bca41b0c3e04a176006956b5fa5a?s=96&d=blank&r=g","contentUrl":"https:\/\/secure.gravatar.com\/avatar\/06ffe7e257ba81e46757f49c36dc54925728bca41b0c3e04a176006956b5fa5a?s=96&d=blank&r=g","caption":"CARLOS JOSE PABLOS GUTIERREZ"},"url":"http:\/\/8.243.70.68\/pagina\/author\/carlos-pablos\/"}]}},"_links":{"self":[{"href":"http:\/\/8.243.70.68\/pagina\/wp-json\/wp\/v2\/posts\/14243","targetHints":{"allow":["GET"]}}],"collection":[{"href":"http:\/\/8.243.70.68\/pagina\/wp-json\/wp\/v2\/posts"}],"about":[{"href":"http:\/\/8.243.70.68\/pagina\/wp-json\/wp\/v2\/types\/post"}],"author":[{"embeddable":true,"href":"http:\/\/8.243.70.68\/pagina\/wp-json\/wp\/v2\/users\/8"}],"replies":[{"embeddable":true,"href":"http:\/\/8.243.70.68\/pagina\/wp-json\/wp\/v2\/comments?post=14243"}],"version-history":[{"count":3,"href":"http:\/\/8.243.70.68\/pagina\/wp-json\/wp\/v2\/posts\/14243\/revisions"}],"predecessor-version":[{"id":22277,"href":"http:\/\/8.243.70.68\/pagina\/wp-json\/wp\/v2\/posts\/14243\/revisions\/22277"}],"wp:featuredmedia":[{"embeddable":true,"href":"http:\/\/8.243.70.68\/pagina\/wp-json\/wp\/v2\/media\/16468"}],"wp:attachment":[{"href":"http:\/\/8.243.70.68\/pagina\/wp-json\/wp\/v2\/media?parent=14243"}],"wp:term":[{"taxonomy":"category","embeddable":true,"href":"http:\/\/8.243.70.68\/pagina\/wp-json\/wp\/v2\/categories?post=14243"},{"taxonomy":"post_tag","embeddable":true,"href":"http:\/\/8.243.70.68\/pagina\/wp-json\/wp\/v2\/tags?post=14243"}],"curies":[{"name":"wp","href":"https:\/\/api.w.org\/{rel}","templated":true}]}}