{"id":14242,"date":"2021-10-19T06:29:58","date_gmt":"2021-10-19T11:29:58","guid":{"rendered":"http:\/\/localhost\/pagina\/?p=14242"},"modified":"2021-11-01T12:31:21","modified_gmt":"2021-11-01T17:31:21","slug":"de-inmigrante-a-sembrar-el-campo-cucuteno-sql","status":"publish","type":"post","link":"http:\/\/8.243.70.68\/pagina\/de-inmigrante-a-sembrar-el-campo-cucuteno-sql\/","title":{"rendered":"De inmigrante a sembrar el campo cucute\u00f1o"},"content":{"rendered":"\t\t<div data-elementor-type=\"wp-post\" data-elementor-id=\"14242\" class=\"elementor elementor-14242\">\n\t\t\t\t\t\t<section class=\"elementor-section elementor-top-section elementor-element elementor-element-01beb71 elementor-section-boxed elementor-section-height-default elementor-section-height-default\" data-id=\"01beb71\" data-element_type=\"section\">\n\t\t\t\t\t\t<div class=\"elementor-container elementor-column-gap-default\">\n\t\t\t\t\t<div class=\"elementor-column elementor-col-100 elementor-top-column elementor-element elementor-element-5748acd\" data-id=\"5748acd\" data-element_type=\"column\">\n\t\t\t<div class=\"elementor-widget-wrap elementor-element-populated\">\n\t\t\t\t\t\t<div class=\"elementor-element elementor-element-ea8ce37 elementor-arrows-position-inside elementor-pagination-position-outside elementor-widget elementor-widget-image-carousel\" data-id=\"ea8ce37\" data-element_type=\"widget\" data-settings=\"{&quot;slides_to_show&quot;:&quot;1&quot;,&quot;navigation&quot;:&quot;both&quot;,&quot;autoplay&quot;:&quot;yes&quot;,&quot;pause_on_hover&quot;:&quot;yes&quot;,&quot;pause_on_interaction&quot;:&quot;yes&quot;,&quot;autoplay_speed&quot;:5000,&quot;infinite&quot;:&quot;yes&quot;,&quot;effect&quot;:&quot;slide&quot;,&quot;speed&quot;:500}\" data-widget_type=\"image-carousel.default\">\n\t\t\t\t<div class=\"elementor-widget-container\">\n\t\t\t\t\t<div class=\"elementor-image-carousel-wrapper swiper\" dir=\"ltr\">\n\t\t\t<div class=\"elementor-image-carousel swiper-wrapper\" aria-live=\"off\">\n\t\t\t\t\t\t\t\t<div class=\"swiper-slide\" role=\"group\" aria-roledescription=\"slide\" aria-label=\"1 of 1\"><figure class=\"swiper-slide-inner\"><img decoding=\"async\" class=\"swiper-slide-image\" src=\"http:\/\/8.243.70.68\/pagina\/wp-content\/uploads\/2021\/10\/43032_5-264361_1024x600.jpg\" alt=\"43032_5-264361_1024x600\" \/><\/figure><\/div>\t\t\t<\/div>\n\t\t\t\t\t<\/div>\n\t\t\t\t<\/div>\n\t\t\t\t<\/div>\n\t\t\t\t\t<\/div>\n\t\t<\/div>\n\t\t\t\t\t<\/div>\n\t\t<\/section>\n\t\t\t\t<section class=\"elementor-section elementor-top-section elementor-element elementor-element-8459750 elementor-section-boxed elementor-section-height-default elementor-section-height-default\" data-id=\"8459750\" data-element_type=\"section\">\n\t\t\t\t\t\t<div class=\"elementor-container elementor-column-gap-default\">\n\t\t\t\t\t<div class=\"elementor-column elementor-col-100 elementor-top-column elementor-element elementor-element-99c2f9a\" data-id=\"99c2f9a\" data-element_type=\"column\">\n\t\t\t<div class=\"elementor-widget-wrap elementor-element-populated\">\n\t\t\t\t\t\t<div class=\"elementor-element elementor-element-090e582 elementor-widget elementor-widget-text-editor\" data-id=\"090e582\" data-element_type=\"widget\" data-widget_type=\"text-editor.default\">\n\t\t\t\t<div class=\"elementor-widget-container\">\n\t\t\t\t\t\t\t<p id=\"docs-internal-guid-acb49f17-7fff-b92c-65f1-7142247c73b0\" dir=\"ltr\">Xiomara Cadena Morocoima sali\u00f3 de Venezuela en el a\u00f1o 2019 por la crisis humanitaria y social que se vive en ese pa\u00eds.\u00a0<\/p><p dir=\"ltr\">Diariamente miles de venezolanas salen en b\u00fasqueda de mejores oportunidades ante la compleja situaci\u00f3n econ\u00f3mica, social y pol\u00edtica que se da en el vecino pa\u00eds; cada rostro tiene una historia que contar, cada historia tiene su rostro.\u00a0<\/p><p dir=\"ltr\">Xiomara Yanetzi Cadena Morocoima es una mujer de 57 a\u00f1os de edad, natural del estado Monagas (Venezuela), pis\u00f3 tierras colombianas el 22 de diciembre del a\u00f1o 2019, en lo que, para ella y su hijo de 16 a\u00f1os, ser\u00eda un viaje de vacaciones para reencontrase con parte de sus familiares que est\u00e1n radicados en la ciudad de C\u00facuta.<\/p><p dir=\"ltr\">\u201cCuando pas\u00e9 el puente (internacional) le tom\u00e9 una foto al aviso de \u201cBienvenidos a Colombia\u201d, para nosotros era cambiar de ambiente, disfrutar la comida, los juegos pirot\u00e9cnicos, una parranda, eso era lo que yo ten\u00eda pensado\u201d dijo Xiomara.\u00a0<\/p><p dir=\"ltr\">Comunicadora social de profesi\u00f3n, hizo parte por a\u00f1os del Ministerio Ciencia y Tecnolog\u00eda en Venezuela, el cierre de frontera producto del covid-19, impidi\u00f3 su regreso, lo que produjo que perdiera su empleo, hecho que signific\u00f3 dejar atr\u00e1s sus pertenencias y la vida en su pa\u00eds natal.\u00a0\u00a0\u00a0<\/p><p dir=\"ltr\">\u201cYo trabaj\u00e9 muchos a\u00f1os para darle a mi hijo y mi nieta lo mejor, pero me toc\u00f3 dejar todo.\u00a0 Fue muy duro tratar de regresar a mi pa\u00eds y que no nos permitieran, me qued\u00e9 sin nada; tra\u00eda tres maletas de Venezuela una con nuestra ropa y las otras dos vac\u00edas para llevar v\u00edveres, ropa, regalos, medicinas de aqu\u00ed para all\u00e1, pero no fue as\u00ed\u201d<\/p><p dir=\"ltr\">Al enterarse que no pod\u00edan regresar nuevamente a su pa\u00eds, Xiomara empez\u00f3 a ver como las cosas se tornaban complicadas, al punto que tuvo que salir de la casa donde estaba siendo hospedada porque no ten\u00eda como brindar un aporte.\u00a0<\/p><p dir=\"ltr\">\u201cA m\u00ed me daba pena estar ah\u00ed sin brindar ni ofrecer nada, yo hac\u00eda aseo, arreglaba las cosas, pero no era suficiente; tom\u00e9 la decisi\u00f3n de salir de ah\u00ed, con la fe de regresar a mi pa\u00eds de cualquier forma, a pesar de que, la realidad fuera otra\u201d<\/p><p dir=\"ltr\">Reciclar, esa fue la \u00fanica opci\u00f3n que Xiomara encontr\u00f3 para tener el sustento diario y pagar un lugar donde pasar la noche, pues su m\u00e1ximo temor era quedar a la intemperie con su hijo, el cual sufre de dislexia y sufre un leve trastorno del desarrollo intelectual que requiere atenci\u00f3n especial.\u00a0<\/p><p dir=\"ltr\">\u201cEmpec\u00e9 a recoger botellas, pl\u00e1sticos y lo que sirviera para reciclar, hac\u00eda cosas de madera y con eso me ayudaba, pues necesitaba encontrar dinero para pagar el lugar donde nos hosped\u00e1bamos y para comer\u201d<\/p><p dir=\"ltr\">Las fuertes lluvias en la ciudad ocasionaron da\u00f1os en el lugar donde Xiomara y su hijo habitaban, perdiendo as\u00ed lo poco que ten\u00edan; \u201cYo acept\u00e9 en ese momento la voluntad de Dios, al ver por todo lo que est\u00e1bamos pasando y en ese momento sent\u00ed que mi vida hab\u00eda cambiado\u201d<\/p><p dir=\"ltr\">A ra\u00edz de esa situaci\u00f3n, Xiomara sinti\u00f3 que las puertas se abrieron y un primer paso para ello fue conocer la granja biosegura de la asociaci\u00f3n SanFaus por la paz en la vereda La Sabana del corregimiento de San Faustino, proyecto que ha sido apoyado por parte de la Alcald\u00eda de C\u00facuta, Asociaci\u00f3n Hortifrut\u00edcola de Colombia -Asohofrucol, la Uni\u00f3n Europea- y la Cooperaci\u00f3n Alemana para el Desarrollo GIZ donde seg\u00fan ella, conoci\u00f3 el verdadero valor que tiene el campo y los alimentos que consume a diario.\u00a0<\/p><p dir=\"ltr\">\u201cUn d\u00eda en Vista Hermosa donde estaba pagando una habitaci\u00f3n de 100 mil pesos, fue duro, no pod\u00eda prender luces, hacer ruido, no ten\u00eda para darle de comer a mi hijo, fue algo muy dif\u00edcil. De pronto en el lugar se encontraban reunidas varias personas preparando comida, lo cual me salv\u00f3, entre quienes estaban en el lugar, habl\u00e9 con don Jos\u00e9 Jim\u00e9nez, presidente de la asociaci\u00f3n, quien me vio y me dijo la invito a camellar en el campo\u201d<\/p><p dir=\"ltr\">Visitar por primera vez el campo cucute\u00f1o fue una experiencia gratificante y muy emocionante para Xiomara, quien hab\u00eda trabajo en las calles de la ciudad y este se convert\u00eda en un reto gigante para ella.<\/p><p dir=\"ltr\">\u201cYo llegu\u00e9 a la Sabana y todo fue amor y cari\u00f1o, mucha paciencia y lo m\u00e1s importante, no importaba que fuera extranjera, ac\u00e1 todos somos familia. Yo entend\u00ed que este era mi hogar, lo que Dios estaba preparando para m\u00ed porque empec\u00e9 y lo primero que me ense\u00f1aron fue el valor de trabajar en equipo, que si no tengo, entre todos nos ayudamos\u201d<\/p><p dir=\"ltr\">Xiomara nunca hab\u00eda labrado la tierra, su trabajo de oficina en Venezuela no le permiti\u00f3 vivir la experiencia del campo, sin embargo, no fue tarea dif\u00edcil para ella que ven\u00eda con toda la disposici\u00f3n y todas las ganas de \u201ccomerse la tierra\u201d, en el buen sentido.\u00a0<\/p><p dir=\"ltr\">\u201cEmpec\u00e9 a recibir capacitaciones por parte de la alcald\u00eda de C\u00facuta, el Sena y GIZ, eso fue diciendo y haciendo, me ense\u00f1aron a cosechar a sembrar a saber qu\u00e9 le sirve a la planta, y eso me enamor\u00f3 de la tierra, de este trabajo que es hermoso, ahora s\u00e9 lo que vale lo que alimenta, porque s\u00e9 c\u00f3mo se siembra y se cosecha, valoro el trabajo del campesino y ojal\u00e1 todos lo hicieran alg\u00fan d\u00eda\u201d\u00a0<\/p><p dir=\"ltr\">Para Xiomara el apoyo recibido por parte Asohofrucol, La Uni\u00f3n Europea, GIZ y la administraci\u00f3n municipal a trav\u00e9s de la Secretar\u00eda de Desarrollo Social, ha sido un respaldo fundamental en su crecimiento personal, ahora como agricultora.\u00a0<\/p><p dir=\"ltr\">\u201cYo qued\u00e9 hu\u00e9rfana de padres hace a\u00f1os y en una tierra extra\u00f1a me sent\u00eda m\u00e1s hu\u00e9rfana todav\u00eda, pero GIZ y la Alcald\u00eda de C\u00facuta han sido mis padres, porque me tomaron y me dijeron ven, yo te tengo en cuenta, tengo un proyecto para ti que piensas que no eres nada, porque ac\u00e1 llegu\u00e9 con los pies descalzos y el hecho de que esas personas se tomen la molestia de ense\u00f1arnos es grande, porque a veces uno se pregunta para qu\u00e9 vivo para qu\u00e9 estoy ac\u00e1, y hoy puedo decir que vivo para el campo\u201d<\/p><p dir=\"ltr\">En una peque\u00f1a libreta apunta todo lo que le han ense\u00f1ado los instructores, para ponerlo en pr\u00e1ctica y explicar a quien no le qued\u00f3 clara la capacitaci\u00f3n, porque todos se ayudan con todos y ese ha sido el \u00e9xito del trabajo en la asociaci\u00f3n.\u00a0<\/p><p dir=\"ltr\">\u201cYo qued\u00e9 impactada el d\u00eda que llegaron y nos dieron todo, palas, machetes, azadones y las semillas, que emoci\u00f3n tener una semilla en la palma de la mano e imaginar que de algo tan peque\u00f1o nacer\u00e1 un fruto de alimento, que valor tienen las cosas es algo inexplicable\u201d<\/p><p dir=\"ltr\">Desde hace tres meses Xiomara cultiva diversos productos, tomate, frijol, pepino, albahaca, y cilantro, todos los domingos sale del barrio Vista Hermosa en una peque\u00f1a moto con su hijo a ver qu\u00e9 tanto han crecido sus cultivos.<\/p><p dir=\"ltr\">\u201cAc\u00e1 las personas me ayudan a cuidar mis cositas cuando no estoy, pues entre semana me toca rebuscarme la vida en C\u00facuta, son d\u00edas duros, pero cuando llego a La Sabana me olvido de todo y empiezo a sentir la tierra, me siento orgullosa de mis cosechas y m\u00e1s porque estoy haciendo un trabajo muy digno, valoro mucho esta oportunidad que me est\u00e1 dando la vida\u201d<\/p><p dir=\"ltr\">Los sue\u00f1os de esta mujer son b\u00e1sicos, pero pensados en grande, \u201cSue\u00f1o con ver mis cultivos grandes, ver esta granja grande, que la asociaci\u00f3n crezca como empresa y podamos ser de utilidad para los dem\u00e1s y, lo m\u00e1s importante a\u00fan tener tranquilidad, sentir la brisa del campo, lo cual me llena de vida porque todo lo que venga de la tierra es bueno, todo\u201d<\/p><p dir=\"ltr\">Para Xiomara la nueva oportunidad de vida que ha encontrado en Colombia la llena de fortaleza y esperanza, esa que en un momento perdi\u00f3 al sentirse extra\u00f1a en un pa\u00eds con costumbres y escenarios desconocidos, pero que gracias a la tierra y sus frutos reverdece cada d\u00eda m\u00e1s en medio de una leve brisa y aroma a campo.\u00a0<\/p>\t\t\t\t\t\t<\/div>\n\t\t\t\t<\/div>\n\t\t\t\t\t<\/div>\n\t\t<\/div>\n\t\t\t\t\t<\/div>\n\t\t<\/section>\n\t\t\t\t<section class=\"elementor-section elementor-top-section elementor-element elementor-element-14a88e4 elementor-section-boxed elementor-section-height-default elementor-section-height-default\" data-id=\"14a88e4\" data-element_type=\"section\">\n\t\t\t\t\t\t<div class=\"elementor-container elementor-column-gap-default\">\n\t\t\t\t\t<div class=\"elementor-column elementor-col-100 elementor-top-column elementor-element elementor-element-5543326\" data-id=\"5543326\" data-element_type=\"column\">\n\t\t\t<div class=\"elementor-widget-wrap elementor-element-populated\">\n\t\t\t\t\t\t\t<\/div>\n\t\t<\/div>\n\t\t\t\t\t<\/div>\n\t\t<\/section>\n\t\t\t\t<section class=\"elementor-section elementor-top-section elementor-element elementor-element-e8cfa56 elementor-section-boxed elementor-section-height-default elementor-section-height-default\" data-id=\"e8cfa56\" data-element_type=\"section\">\n\t\t\t\t\t\t<div class=\"elementor-container elementor-column-gap-default\">\n\t\t\t\t\t<div class=\"elementor-column elementor-col-100 elementor-top-column elementor-element elementor-element-57670b6\" data-id=\"57670b6\" data-element_type=\"column\">\n\t\t\t<div class=\"elementor-widget-wrap elementor-element-populated\">\n\t\t\t\t\t\t<div class=\"elementor-element elementor-element-ac8e862 elementor-icon-list--layout-inline elementor-list-item-link-full_width elementor-widget elementor-widget-icon-list\" data-id=\"ac8e862\" data-element_type=\"widget\" data-widget_type=\"icon-list.default\">\n\t\t\t\t<div class=\"elementor-widget-container\">\n\t\t\t\t\t<ul class=\"elementor-icon-list-items elementor-inline-items\">\n\t\t\t\t\t<\/ul>\n\t\t\t\t<\/div>\n\t\t\t\t<\/div>\n\t\t\t\t\t<\/div>\n\t\t<\/div>\n\t\t\t\t\t<\/div>\n\t\t<\/section>\n\t\t\t\t<\/div>\n\t\t","protected":false},"excerpt":{"rendered":"<p>Xiomara Cadena Morocoima sali\u00f3 de Venezuela en el a\u00f1o 2019 por la crisis humanitaria y social que se vive en ese pa\u00eds.\u00a0<br \/>\nDiariamente miles de venezolanas salen en b\u00fasqueda de mejores oportunidades ante<\/p>\n","protected":false},"author":8,"featured_media":16469,"comment_status":"closed","ping_status":"open","sticky":false,"template":"elementor_theme","format":"standard","meta":{"footnotes":""},"categories":[74],"tags":[],"class_list":["post-14242","post","type-post","status-publish","format-standard","has-post-thumbnail","hentry","category-noticias"],"yoast_head":"<!-- This site is optimized with the Yoast SEO plugin v17.5 - https:\/\/yoast.com\/wordpress\/plugins\/seo\/ -->\r\n<title>De inmigrante a sembrar el campo cucute\u00f1o -<\/title>\r\n<meta name=\"robots\" content=\"index, follow, max-snippet:-1, max-image-preview:large, max-video-preview:-1\" \/>\r\n<link rel=\"canonical\" href=\"http:\/\/8.243.70.68\/pagina\/de-inmigrante-a-sembrar-el-campo-cucuteno-sql\/\" \/>\r\n<meta property=\"og:locale\" content=\"es_ES\" \/>\r\n<meta property=\"og:type\" content=\"article\" \/>\r\n<meta property=\"og:title\" content=\"De inmigrante a sembrar el campo cucute\u00f1o -\" \/>\r\n<meta property=\"og:description\" content=\"Xiomara Cadena Morocoima sali\u00f3 de Venezuela en el a\u00f1o 2019 por la crisis humanitaria y social que se vive en ese pa\u00eds.\u00a0 Diariamente miles de venezolanas salen en b\u00fasqueda de mejores oportunidades ante\" \/>\r\n<meta property=\"og:url\" content=\"http:\/\/8.243.70.68\/pagina\/de-inmigrante-a-sembrar-el-campo-cucuteno-sql\/\" \/>\r\n<meta property=\"article:published_time\" content=\"2021-10-19T11:29:58+00:00\" \/>\r\n<meta property=\"article:modified_time\" content=\"2021-11-01T17:31:21+00:00\" \/>\r\n<meta property=\"og:image\" content=\"http:\/\/8.243.70.68\/pagina\/wp-content\/uploads\/2021\/10\/53299_de-inmigrante-a-sembrar-el-campo-cucuteno_1024x600.jpg\" \/>\r\n\t<meta property=\"og:image:width\" content=\"999\" \/>\r\n\t<meta property=\"og:image:height\" content=\"550\" \/>\r\n<meta name=\"twitter:card\" content=\"summary_large_image\" \/>\r\n<meta name=\"twitter:label1\" content=\"Escrito por\" \/>\n\t<meta name=\"twitter:data1\" content=\"CARLOS JOSE PABLOS GUTIERREZ\" \/>\n\t<meta name=\"twitter:label2\" content=\"Tiempo estimado de lectura\" \/>\n\t<meta name=\"twitter:data2\" content=\"7 minutos\" \/>\r\n<script type=\"application\/ld+json\" class=\"yoast-schema-graph\">{\"@context\":\"https:\/\/schema.org\",\"@graph\":[{\"@type\":\"WebSite\",\"@id\":\"http:\/\/8.243.70.68\/pagina\/#website\",\"url\":\"http:\/\/8.243.70.68\/pagina\/\",\"name\":\"\",\"description\":\"\",\"potentialAction\":[{\"@type\":\"SearchAction\",\"target\":{\"@type\":\"EntryPoint\",\"urlTemplate\":\"http:\/\/8.243.70.68\/pagina\/?s={search_term_string}\"},\"query-input\":\"required name=search_term_string\"}],\"inLanguage\":\"es-CO\"},{\"@type\":\"ImageObject\",\"@id\":\"http:\/\/8.243.70.68\/pagina\/de-inmigrante-a-sembrar-el-campo-cucuteno-sql\/#primaryimage\",\"inLanguage\":\"es-CO\",\"url\":\"http:\/\/8.243.70.68\/pagina\/wp-content\/uploads\/2021\/10\/53299_de-inmigrante-a-sembrar-el-campo-cucuteno_1024x600.jpg\",\"contentUrl\":\"http:\/\/8.243.70.68\/pagina\/wp-content\/uploads\/2021\/10\/53299_de-inmigrante-a-sembrar-el-campo-cucuteno_1024x600.jpg\",\"width\":999,\"height\":550},{\"@type\":\"WebPage\",\"@id\":\"http:\/\/8.243.70.68\/pagina\/de-inmigrante-a-sembrar-el-campo-cucuteno-sql\/#webpage\",\"url\":\"http:\/\/8.243.70.68\/pagina\/de-inmigrante-a-sembrar-el-campo-cucuteno-sql\/\",\"name\":\"De inmigrante a sembrar el campo cucute\\u00f1o -\",\"isPartOf\":{\"@id\":\"http:\/\/8.243.70.68\/pagina\/#website\"},\"primaryImageOfPage\":{\"@id\":\"http:\/\/8.243.70.68\/pagina\/de-inmigrante-a-sembrar-el-campo-cucuteno-sql\/#primaryimage\"},\"datePublished\":\"2021-10-19T11:29:58+00:00\",\"dateModified\":\"2021-11-01T17:31:21+00:00\",\"author\":{\"@id\":\"http:\/\/8.243.70.68\/pagina\/#\/schema\/person\/d4edade63cce9a82562ad8f82660f77b\"},\"breadcrumb\":{\"@id\":\"http:\/\/8.243.70.68\/pagina\/de-inmigrante-a-sembrar-el-campo-cucuteno-sql\/#breadcrumb\"},\"inLanguage\":\"es-CO\",\"potentialAction\":[{\"@type\":\"ReadAction\",\"target\":[\"http:\/\/8.243.70.68\/pagina\/de-inmigrante-a-sembrar-el-campo-cucuteno-sql\/\"]}]},{\"@type\":\"BreadcrumbList\",\"@id\":\"http:\/\/8.243.70.68\/pagina\/de-inmigrante-a-sembrar-el-campo-cucuteno-sql\/#breadcrumb\",\"itemListElement\":[{\"@type\":\"ListItem\",\"position\":1,\"name\":\"Inicio\",\"item\":\"http:\/\/8.243.70.68\/pagina\/\"},{\"@type\":\"ListItem\",\"position\":2,\"name\":\"De inmigrante a sembrar el campo cucute\\u00f1o\"}]},{\"@type\":\"Person\",\"@id\":\"http:\/\/8.243.70.68\/pagina\/#\/schema\/person\/d4edade63cce9a82562ad8f82660f77b\",\"name\":\"CARLOS JOSE PABLOS GUTIERREZ\",\"image\":{\"@type\":\"ImageObject\",\"@id\":\"http:\/\/8.243.70.68\/pagina\/#personlogo\",\"inLanguage\":\"es-CO\",\"url\":\"https:\/\/secure.gravatar.com\/avatar\/06ffe7e257ba81e46757f49c36dc54925728bca41b0c3e04a176006956b5fa5a?s=96&d=blank&r=g\",\"contentUrl\":\"https:\/\/secure.gravatar.com\/avatar\/06ffe7e257ba81e46757f49c36dc54925728bca41b0c3e04a176006956b5fa5a?s=96&d=blank&r=g\",\"caption\":\"CARLOS JOSE PABLOS GUTIERREZ\"},\"url\":\"http:\/\/8.243.70.68\/pagina\/author\/carlos-pablos\/\"}]}<\/script>\r\n<!-- \/ Yoast SEO plugin. -->","yoast_head_json":{"title":"De inmigrante a sembrar el campo cucute\u00f1o -","robots":{"index":"index","follow":"follow","max-snippet":"max-snippet:-1","max-image-preview":"max-image-preview:large","max-video-preview":"max-video-preview:-1"},"canonical":"http:\/\/8.243.70.68\/pagina\/de-inmigrante-a-sembrar-el-campo-cucuteno-sql\/","og_locale":"es_ES","og_type":"article","og_title":"De inmigrante a sembrar el campo cucute\u00f1o -","og_description":"Xiomara Cadena Morocoima sali\u00f3 de Venezuela en el a\u00f1o 2019 por la crisis humanitaria y social que se vive en ese pa\u00eds.\u00a0 Diariamente miles de venezolanas salen en b\u00fasqueda de mejores oportunidades ante","og_url":"http:\/\/8.243.70.68\/pagina\/de-inmigrante-a-sembrar-el-campo-cucuteno-sql\/","article_published_time":"2021-10-19T11:29:58+00:00","article_modified_time":"2021-11-01T17:31:21+00:00","og_image":[{"width":999,"height":550,"url":"http:\/\/8.243.70.68\/pagina\/wp-content\/uploads\/2021\/10\/53299_de-inmigrante-a-sembrar-el-campo-cucuteno_1024x600.jpg","type":"image\/jpeg"}],"twitter_card":"summary_large_image","twitter_misc":{"Escrito por":"CARLOS JOSE PABLOS GUTIERREZ","Tiempo estimado de lectura":"7 minutos"},"schema":{"@context":"https:\/\/schema.org","@graph":[{"@type":"WebSite","@id":"http:\/\/8.243.70.68\/pagina\/#website","url":"http:\/\/8.243.70.68\/pagina\/","name":"","description":"","potentialAction":[{"@type":"SearchAction","target":{"@type":"EntryPoint","urlTemplate":"http:\/\/8.243.70.68\/pagina\/?s={search_term_string}"},"query-input":"required name=search_term_string"}],"inLanguage":"es-CO"},{"@type":"ImageObject","@id":"http:\/\/8.243.70.68\/pagina\/de-inmigrante-a-sembrar-el-campo-cucuteno-sql\/#primaryimage","inLanguage":"es-CO","url":"http:\/\/8.243.70.68\/pagina\/wp-content\/uploads\/2021\/10\/53299_de-inmigrante-a-sembrar-el-campo-cucuteno_1024x600.jpg","contentUrl":"http:\/\/8.243.70.68\/pagina\/wp-content\/uploads\/2021\/10\/53299_de-inmigrante-a-sembrar-el-campo-cucuteno_1024x600.jpg","width":999,"height":550},{"@type":"WebPage","@id":"http:\/\/8.243.70.68\/pagina\/de-inmigrante-a-sembrar-el-campo-cucuteno-sql\/#webpage","url":"http:\/\/8.243.70.68\/pagina\/de-inmigrante-a-sembrar-el-campo-cucuteno-sql\/","name":"De inmigrante a sembrar el campo cucute\u00f1o -","isPartOf":{"@id":"http:\/\/8.243.70.68\/pagina\/#website"},"primaryImageOfPage":{"@id":"http:\/\/8.243.70.68\/pagina\/de-inmigrante-a-sembrar-el-campo-cucuteno-sql\/#primaryimage"},"datePublished":"2021-10-19T11:29:58+00:00","dateModified":"2021-11-01T17:31:21+00:00","author":{"@id":"http:\/\/8.243.70.68\/pagina\/#\/schema\/person\/d4edade63cce9a82562ad8f82660f77b"},"breadcrumb":{"@id":"http:\/\/8.243.70.68\/pagina\/de-inmigrante-a-sembrar-el-campo-cucuteno-sql\/#breadcrumb"},"inLanguage":"es-CO","potentialAction":[{"@type":"ReadAction","target":["http:\/\/8.243.70.68\/pagina\/de-inmigrante-a-sembrar-el-campo-cucuteno-sql\/"]}]},{"@type":"BreadcrumbList","@id":"http:\/\/8.243.70.68\/pagina\/de-inmigrante-a-sembrar-el-campo-cucuteno-sql\/#breadcrumb","itemListElement":[{"@type":"ListItem","position":1,"name":"Inicio","item":"http:\/\/8.243.70.68\/pagina\/"},{"@type":"ListItem","position":2,"name":"De inmigrante a sembrar el campo cucute\u00f1o"}]},{"@type":"Person","@id":"http:\/\/8.243.70.68\/pagina\/#\/schema\/person\/d4edade63cce9a82562ad8f82660f77b","name":"CARLOS JOSE PABLOS GUTIERREZ","image":{"@type":"ImageObject","@id":"http:\/\/8.243.70.68\/pagina\/#personlogo","inLanguage":"es-CO","url":"https:\/\/secure.gravatar.com\/avatar\/06ffe7e257ba81e46757f49c36dc54925728bca41b0c3e04a176006956b5fa5a?s=96&d=blank&r=g","contentUrl":"https:\/\/secure.gravatar.com\/avatar\/06ffe7e257ba81e46757f49c36dc54925728bca41b0c3e04a176006956b5fa5a?s=96&d=blank&r=g","caption":"CARLOS JOSE PABLOS GUTIERREZ"},"url":"http:\/\/8.243.70.68\/pagina\/author\/carlos-pablos\/"}]}},"_links":{"self":[{"href":"http:\/\/8.243.70.68\/pagina\/wp-json\/wp\/v2\/posts\/14242","targetHints":{"allow":["GET"]}}],"collection":[{"href":"http:\/\/8.243.70.68\/pagina\/wp-json\/wp\/v2\/posts"}],"about":[{"href":"http:\/\/8.243.70.68\/pagina\/wp-json\/wp\/v2\/types\/post"}],"author":[{"embeddable":true,"href":"http:\/\/8.243.70.68\/pagina\/wp-json\/wp\/v2\/users\/8"}],"replies":[{"embeddable":true,"href":"http:\/\/8.243.70.68\/pagina\/wp-json\/wp\/v2\/comments?post=14242"}],"version-history":[{"count":3,"href":"http:\/\/8.243.70.68\/pagina\/wp-json\/wp\/v2\/posts\/14242\/revisions"}],"predecessor-version":[{"id":22280,"href":"http:\/\/8.243.70.68\/pagina\/wp-json\/wp\/v2\/posts\/14242\/revisions\/22280"}],"wp:featuredmedia":[{"embeddable":true,"href":"http:\/\/8.243.70.68\/pagina\/wp-json\/wp\/v2\/media\/16469"}],"wp:attachment":[{"href":"http:\/\/8.243.70.68\/pagina\/wp-json\/wp\/v2\/media?parent=14242"}],"wp:term":[{"taxonomy":"category","embeddable":true,"href":"http:\/\/8.243.70.68\/pagina\/wp-json\/wp\/v2\/categories?post=14242"},{"taxonomy":"post_tag","embeddable":true,"href":"http:\/\/8.243.70.68\/pagina\/wp-json\/wp\/v2\/tags?post=14242"}],"curies":[{"name":"wp","href":"https:\/\/api.w.org\/{rel}","templated":true}]}}