{"id":14240,"date":"2021-10-19T14:56:53","date_gmt":"2021-10-19T19:56:53","guid":{"rendered":"http:\/\/localhost\/pagina\/?p=14240"},"modified":"2021-11-01T12:32:07","modified_gmt":"2021-11-01T17:32:07","slug":"alcaldia-de-cucuta-presente-en-el-encuentro-internacional-sql","status":"publish","type":"post","link":"http:\/\/8.243.70.68\/pagina\/alcaldia-de-cucuta-presente-en-el-encuentro-internacional-sql\/","title":{"rendered":"ALCALD\u00cdA DE C\u00daCUTA, PRESENTE EN EL ENCUENTRO INTERNACIONAL DE LA ARCILLA, LA CER\u00c1MICA Y LA CONSTRUCCI\u00d3N 2021"},"content":{"rendered":"\t\t<div data-elementor-type=\"wp-post\" data-elementor-id=\"14240\" class=\"elementor elementor-14240\">\n\t\t\t\t\t\t<section class=\"elementor-section elementor-top-section elementor-element elementor-element-01beb71 elementor-section-boxed elementor-section-height-default elementor-section-height-default\" data-id=\"01beb71\" data-element_type=\"section\">\n\t\t\t\t\t\t<div class=\"elementor-container elementor-column-gap-default\">\n\t\t\t\t\t<div class=\"elementor-column elementor-col-100 elementor-top-column elementor-element elementor-element-5748acd\" data-id=\"5748acd\" data-element_type=\"column\">\n\t\t\t<div class=\"elementor-widget-wrap elementor-element-populated\">\n\t\t\t\t\t\t\t<\/div>\n\t\t<\/div>\n\t\t\t\t\t<\/div>\n\t\t<\/section>\n\t\t\t\t<section class=\"elementor-section elementor-top-section elementor-element elementor-element-8459750 elementor-section-boxed elementor-section-height-default elementor-section-height-default\" data-id=\"8459750\" data-element_type=\"section\">\n\t\t\t\t\t\t<div class=\"elementor-container elementor-column-gap-default\">\n\t\t\t\t\t<div class=\"elementor-column elementor-col-100 elementor-top-column elementor-element elementor-element-99c2f9a\" data-id=\"99c2f9a\" data-element_type=\"column\">\n\t\t\t<div class=\"elementor-widget-wrap elementor-element-populated\">\n\t\t\t\t\t\t<div class=\"elementor-element elementor-element-090e582 elementor-widget elementor-widget-text-editor\" data-id=\"090e582\" data-element_type=\"widget\" data-widget_type=\"text-editor.default\">\n\t\t\t\t<div class=\"elementor-widget-container\">\n\t\t\t\t\t\t\t<ul><li>El 21 y 22 de octubre se llevar\u00e1 a cabo el evento que contar\u00e1 con una agenda acad\u00e9mica e invitados especiales de cinco pa\u00edses.<\/li><li>En el marco del evento se har\u00e1 entrega del premio nacional I+D+i 2021 (Investigaci\u00f3n, Desarrollo e Innovaci\u00f3n), que este a\u00f1o llega a su segunda entrega.<\/li><\/ul><ul><li>\u201cEl Segundo Encuentro Internacional de la Arcilla, la Cer\u00e1mica y la Construcci\u00f3n, apunta a consolidar ese compromiso internacional que tenemos por catapultar nuestra industria ladrillera hacia el mundo, basados en la competitividad, la innovaci\u00f3n y la sostenibilidad ambiental\u201d asegur\u00f3 el alcalde Jairo Y\u00e1\u00f1ez.<\/li><\/ul><p>San Jos\u00e9 de C\u00facuta, Norte de Santander, 19 de octubre de 2021 (@AlcaldiaCucuta). Los d\u00edas 21 y 22 de octubre, se llevar\u00e1 a cabo, de forma virtual, el Segundo Encuentro Internacional de la Arcilla, la Cer\u00e1mica y la Construcci\u00f3n. Gracias a este evento, las empresas productoras y comercializadoras de arcilla o cer\u00e1mica, el sector de la construcci\u00f3n y los estudiantes de carreras afines, podr\u00e1n encontrar en una misma plataforma una agenda acad\u00e9mica con conferencistas nacionales e internacionales.<\/p><p>Los expositores, provenientes de Italia, Espa\u00f1a, M\u00e9xico, Per\u00fa, Bolivia y Colombia, podr\u00e1n socializar sus ponencias, compartir experiencias investigativas y discutir las actualizaciones con respecto al panorama internacional del cl\u00faster.<\/p><p>Seg\u00fan Mateo Montebello, gerente regional de la C\u00e1mara Colombiana de la Construcci\u00f3n, \u00a0el evento busca atraer inversi\u00f3n a la regi\u00f3n, mejorar la competitividad de las empresas locales del sector arcillero y constructor a trav\u00e9s de la innovaci\u00f3n, el mejoramiento de la infraestructura y de la representatividad de los productos y servicios a nivel nacional e internacional.<\/p><p>Johanna Navarro, presidente de Induarcilla, manifest\u00f3 que le apostamos a posicionarnos a nivel nacional e internacional como un referente dentro del sector de materiales de construcci\u00f3n mostrando las bondades de la arcilla no solo en mamposter\u00eda sino tambi\u00e9n en acabados. El evento suma en el objetivo de cerrar la brecha con el l\u00edder regional que es Brasil.<\/p><p>Juan Diego Pe\u00f1a Canal, secretario del Banco del Progreso, de la Alcald\u00eda de C\u00facuta, sostuvo que el evento busca profundizar la integraci\u00f3n de estos sectores relevantes para la econom\u00eda cucute\u00f1a as\u00ed como los estudiantes de diferentes carreras relacionadas como<\/p><p>En esta segunda versi\u00f3n, adem\u00e1s, se har\u00e1 entrega del premio I+D+i, cuya finalidad es conectar la demanda del mercado con la oferta innovadora que se desarrolla en pa\u00eds. Para ello, se seleccionar\u00e1n los ganadores por medio de un concurso a nivel nacional, los jurados realizar\u00e1n la escogencia y los seleccionados estar\u00e1n presentes en la plataforma de lanzamiento EIAC 2021.<\/p><p>Este encuentro tambi\u00e9n constituye una oportunidad \u00fanica para visibilizar al departamento Norte de Santander como una potencia productiva del sector por su cer\u00e1mica, con calidad de exportaci\u00f3n. \u201cEl Segundo Encuentro Internacional de la Arcilla, la Cer\u00e1mica y la Construcci\u00f3n, apunta a consolidar ese compromiso internacional que tenemos por catapultar nuestra industria ladrillera hacia el mundo, basados en la competitividad, la innovaci\u00f3n y la sostenibilidad ambiental\u201d, asegur\u00f3 el alcalde Jairo Y\u00e1\u00f1ez.<\/p><p>Con esta iniciativa, la Alcald\u00eda de C\u00facuta sigue sumando esfuerzos en su prop\u00f3sito por aumentar la productividad, competitividad y reactivaci\u00f3n de este importante sector de la econom\u00eda local.<\/p><p>\u00a0<\/p>\t\t\t\t\t\t<\/div>\n\t\t\t\t<\/div>\n\t\t\t\t\t<\/div>\n\t\t<\/div>\n\t\t\t\t\t<\/div>\n\t\t<\/section>\n\t\t\t\t<section class=\"elementor-section elementor-top-section elementor-element elementor-element-14a88e4 elementor-section-boxed elementor-section-height-default elementor-section-height-default\" data-id=\"14a88e4\" data-element_type=\"section\">\n\t\t\t\t\t\t<div class=\"elementor-container elementor-column-gap-default\">\n\t\t\t\t\t<div class=\"elementor-column elementor-col-100 elementor-top-column elementor-element elementor-element-5543326\" data-id=\"5543326\" data-element_type=\"column\">\n\t\t\t<div class=\"elementor-widget-wrap elementor-element-populated\">\n\t\t\t\t\t\t\t<\/div>\n\t\t<\/div>\n\t\t\t\t\t<\/div>\n\t\t<\/section>\n\t\t\t\t<section class=\"elementor-section elementor-top-section elementor-element elementor-element-e8cfa56 elementor-section-boxed elementor-section-height-default elementor-section-height-default\" data-id=\"e8cfa56\" data-element_type=\"section\">\n\t\t\t\t\t\t<div class=\"elementor-container elementor-column-gap-default\">\n\t\t\t\t\t<div class=\"elementor-column elementor-col-100 elementor-top-column elementor-element elementor-element-57670b6\" data-id=\"57670b6\" data-element_type=\"column\">\n\t\t\t<div class=\"elementor-widget-wrap elementor-element-populated\">\n\t\t\t\t\t\t<div class=\"elementor-element elementor-element-ac8e862 elementor-icon-list--layout-inline elementor-list-item-link-full_width elementor-widget elementor-widget-icon-list\" data-id=\"ac8e862\" data-element_type=\"widget\" data-widget_type=\"icon-list.default\">\n\t\t\t\t<div class=\"elementor-widget-container\">\n\t\t\t\t\t<ul class=\"elementor-icon-list-items elementor-inline-items\">\n\t\t\t\t\t<\/ul>\n\t\t\t\t<\/div>\n\t\t\t\t<\/div>\n\t\t\t\t\t<\/div>\n\t\t<\/div>\n\t\t\t\t\t<\/div>\n\t\t<\/section>\n\t\t\t\t<\/div>\n\t\t","protected":false},"excerpt":{"rendered":"<p>El 21 y 22 de octubre se llevar\u00e1 a cabo el evento que contar\u00e1 con una agenda acad\u00e9mica e invitados especiales de cinco pa\u00edses. En el marco del evento se har\u00e1 entrega del premio nacional I+D+i 2021<\/p>\n","protected":false},"author":8,"featured_media":16471,"comment_status":"closed","ping_status":"open","sticky":false,"template":"elementor_theme","format":"standard","meta":{"footnotes":""},"categories":[74],"tags":[],"class_list":["post-14240","post","type-post","status-publish","format-standard","has-post-thumbnail","hentry","category-noticias"],"yoast_head":"<!-- This site is optimized with the Yoast SEO plugin v17.5 - https:\/\/yoast.com\/wordpress\/plugins\/seo\/ -->\r\n<title>ALCALD\u00cdA DE C\u00daCUTA, PRESENTE EN EL ENCUENTRO INTERNACIONAL DE LA ARCILLA, LA CER\u00c1MICA Y LA CONSTRUCCI\u00d3N 2021 -<\/title>\r\n<meta name=\"robots\" content=\"index, follow, max-snippet:-1, max-image-preview:large, max-video-preview:-1\" \/>\r\n<link rel=\"canonical\" href=\"http:\/\/8.243.70.68\/pagina\/alcaldia-de-cucuta-presente-en-el-encuentro-internacional-sql\/\" \/>\r\n<meta property=\"og:locale\" content=\"es_ES\" \/>\r\n<meta property=\"og:type\" content=\"article\" \/>\r\n<meta property=\"og:title\" content=\"ALCALD\u00cdA DE C\u00daCUTA, PRESENTE EN EL ENCUENTRO INTERNACIONAL DE LA ARCILLA, LA CER\u00c1MICA Y LA CONSTRUCCI\u00d3N 2021 -\" \/>\r\n<meta property=\"og:description\" content=\"El 21 y 22 de octubre se llevar\u00e1 a cabo el evento que contar\u00e1 con una agenda acad\u00e9mica e invitados especiales de cinco pa\u00edses. En el marco del evento se har\u00e1 entrega del premio nacional I+D+i 2021\" \/>\r\n<meta property=\"og:url\" content=\"http:\/\/8.243.70.68\/pagina\/alcaldia-de-cucuta-presente-en-el-encuentro-internacional-sql\/\" \/>\r\n<meta property=\"article:published_time\" content=\"2021-10-19T19:56:53+00:00\" \/>\r\n<meta property=\"article:modified_time\" content=\"2021-11-01T17:32:07+00:00\" \/>\r\n<meta property=\"og:image\" content=\"http:\/\/8.243.70.68\/pagina\/wp-content\/uploads\/2021\/10\/53306_alcaldia-de-cucuta-presente-en-el-encuentro-internacional_1024x600.jpeg\" \/>\r\n\t<meta property=\"og:image:width\" content=\"1280\" \/>\r\n\t<meta property=\"og:image:height\" content=\"472\" \/>\r\n<meta name=\"twitter:card\" content=\"summary_large_image\" \/>\r\n<meta name=\"twitter:label1\" content=\"Escrito por\" \/>\n\t<meta name=\"twitter:data1\" content=\"CARLOS JOSE PABLOS GUTIERREZ\" \/>\n\t<meta name=\"twitter:label2\" content=\"Tiempo estimado de lectura\" \/>\n\t<meta name=\"twitter:data2\" content=\"3 minutos\" \/>\r\n<script type=\"application\/ld+json\" class=\"yoast-schema-graph\">{\"@context\":\"https:\/\/schema.org\",\"@graph\":[{\"@type\":\"WebSite\",\"@id\":\"http:\/\/8.243.70.68\/pagina\/#website\",\"url\":\"http:\/\/8.243.70.68\/pagina\/\",\"name\":\"\",\"description\":\"\",\"potentialAction\":[{\"@type\":\"SearchAction\",\"target\":{\"@type\":\"EntryPoint\",\"urlTemplate\":\"http:\/\/8.243.70.68\/pagina\/?s={search_term_string}\"},\"query-input\":\"required name=search_term_string\"}],\"inLanguage\":\"es-CO\"},{\"@type\":\"ImageObject\",\"@id\":\"http:\/\/8.243.70.68\/pagina\/alcaldia-de-cucuta-presente-en-el-encuentro-internacional-sql\/#primaryimage\",\"inLanguage\":\"es-CO\",\"url\":\"http:\/\/8.243.70.68\/pagina\/wp-content\/uploads\/2021\/10\/53306_alcaldia-de-cucuta-presente-en-el-encuentro-internacional_1024x600.jpeg\",\"contentUrl\":\"http:\/\/8.243.70.68\/pagina\/wp-content\/uploads\/2021\/10\/53306_alcaldia-de-cucuta-presente-en-el-encuentro-internacional_1024x600.jpeg\",\"width\":1280,\"height\":472},{\"@type\":\"WebPage\",\"@id\":\"http:\/\/8.243.70.68\/pagina\/alcaldia-de-cucuta-presente-en-el-encuentro-internacional-sql\/#webpage\",\"url\":\"http:\/\/8.243.70.68\/pagina\/alcaldia-de-cucuta-presente-en-el-encuentro-internacional-sql\/\",\"name\":\"ALCALD\\u00cdA DE C\\u00daCUTA, PRESENTE EN EL ENCUENTRO INTERNACIONAL DE LA ARCILLA, LA CER\\u00c1MICA Y LA CONSTRUCCI\\u00d3N 2021 -\",\"isPartOf\":{\"@id\":\"http:\/\/8.243.70.68\/pagina\/#website\"},\"primaryImageOfPage\":{\"@id\":\"http:\/\/8.243.70.68\/pagina\/alcaldia-de-cucuta-presente-en-el-encuentro-internacional-sql\/#primaryimage\"},\"datePublished\":\"2021-10-19T19:56:53+00:00\",\"dateModified\":\"2021-11-01T17:32:07+00:00\",\"author\":{\"@id\":\"http:\/\/8.243.70.68\/pagina\/#\/schema\/person\/d4edade63cce9a82562ad8f82660f77b\"},\"breadcrumb\":{\"@id\":\"http:\/\/8.243.70.68\/pagina\/alcaldia-de-cucuta-presente-en-el-encuentro-internacional-sql\/#breadcrumb\"},\"inLanguage\":\"es-CO\",\"potentialAction\":[{\"@type\":\"ReadAction\",\"target\":[\"http:\/\/8.243.70.68\/pagina\/alcaldia-de-cucuta-presente-en-el-encuentro-internacional-sql\/\"]}]},{\"@type\":\"BreadcrumbList\",\"@id\":\"http:\/\/8.243.70.68\/pagina\/alcaldia-de-cucuta-presente-en-el-encuentro-internacional-sql\/#breadcrumb\",\"itemListElement\":[{\"@type\":\"ListItem\",\"position\":1,\"name\":\"Inicio\",\"item\":\"http:\/\/8.243.70.68\/pagina\/\"},{\"@type\":\"ListItem\",\"position\":2,\"name\":\"ALCALD\\u00cdA DE C\\u00daCUTA, PRESENTE EN EL ENCUENTRO INTERNACIONAL DE LA ARCILLA, LA CER\\u00c1MICA Y LA CONSTRUCCI\\u00d3N 2021\"}]},{\"@type\":\"Person\",\"@id\":\"http:\/\/8.243.70.68\/pagina\/#\/schema\/person\/d4edade63cce9a82562ad8f82660f77b\",\"name\":\"CARLOS JOSE PABLOS GUTIERREZ\",\"image\":{\"@type\":\"ImageObject\",\"@id\":\"http:\/\/8.243.70.68\/pagina\/#personlogo\",\"inLanguage\":\"es-CO\",\"url\":\"https:\/\/secure.gravatar.com\/avatar\/06ffe7e257ba81e46757f49c36dc54925728bca41b0c3e04a176006956b5fa5a?s=96&d=blank&r=g\",\"contentUrl\":\"https:\/\/secure.gravatar.com\/avatar\/06ffe7e257ba81e46757f49c36dc54925728bca41b0c3e04a176006956b5fa5a?s=96&d=blank&r=g\",\"caption\":\"CARLOS JOSE PABLOS GUTIERREZ\"},\"url\":\"http:\/\/8.243.70.68\/pagina\/author\/carlos-pablos\/\"}]}<\/script>\r\n<!-- \/ Yoast SEO plugin. -->","yoast_head_json":{"title":"ALCALD\u00cdA DE C\u00daCUTA, PRESENTE EN EL ENCUENTRO INTERNACIONAL DE LA ARCILLA, LA CER\u00c1MICA Y LA CONSTRUCCI\u00d3N 2021 -","robots":{"index":"index","follow":"follow","max-snippet":"max-snippet:-1","max-image-preview":"max-image-preview:large","max-video-preview":"max-video-preview:-1"},"canonical":"http:\/\/8.243.70.68\/pagina\/alcaldia-de-cucuta-presente-en-el-encuentro-internacional-sql\/","og_locale":"es_ES","og_type":"article","og_title":"ALCALD\u00cdA DE C\u00daCUTA, PRESENTE EN EL ENCUENTRO INTERNACIONAL DE LA ARCILLA, LA CER\u00c1MICA Y LA CONSTRUCCI\u00d3N 2021 -","og_description":"El 21 y 22 de octubre se llevar\u00e1 a cabo el evento que contar\u00e1 con una agenda acad\u00e9mica e invitados especiales de cinco pa\u00edses. En el marco del evento se har\u00e1 entrega del premio nacional I+D+i 2021","og_url":"http:\/\/8.243.70.68\/pagina\/alcaldia-de-cucuta-presente-en-el-encuentro-internacional-sql\/","article_published_time":"2021-10-19T19:56:53+00:00","article_modified_time":"2021-11-01T17:32:07+00:00","og_image":[{"width":1280,"height":472,"url":"http:\/\/8.243.70.68\/pagina\/wp-content\/uploads\/2021\/10\/53306_alcaldia-de-cucuta-presente-en-el-encuentro-internacional_1024x600.jpeg","type":"image\/jpeg"}],"twitter_card":"summary_large_image","twitter_misc":{"Escrito por":"CARLOS JOSE PABLOS GUTIERREZ","Tiempo estimado de lectura":"3 minutos"},"schema":{"@context":"https:\/\/schema.org","@graph":[{"@type":"WebSite","@id":"http:\/\/8.243.70.68\/pagina\/#website","url":"http:\/\/8.243.70.68\/pagina\/","name":"","description":"","potentialAction":[{"@type":"SearchAction","target":{"@type":"EntryPoint","urlTemplate":"http:\/\/8.243.70.68\/pagina\/?s={search_term_string}"},"query-input":"required name=search_term_string"}],"inLanguage":"es-CO"},{"@type":"ImageObject","@id":"http:\/\/8.243.70.68\/pagina\/alcaldia-de-cucuta-presente-en-el-encuentro-internacional-sql\/#primaryimage","inLanguage":"es-CO","url":"http:\/\/8.243.70.68\/pagina\/wp-content\/uploads\/2021\/10\/53306_alcaldia-de-cucuta-presente-en-el-encuentro-internacional_1024x600.jpeg","contentUrl":"http:\/\/8.243.70.68\/pagina\/wp-content\/uploads\/2021\/10\/53306_alcaldia-de-cucuta-presente-en-el-encuentro-internacional_1024x600.jpeg","width":1280,"height":472},{"@type":"WebPage","@id":"http:\/\/8.243.70.68\/pagina\/alcaldia-de-cucuta-presente-en-el-encuentro-internacional-sql\/#webpage","url":"http:\/\/8.243.70.68\/pagina\/alcaldia-de-cucuta-presente-en-el-encuentro-internacional-sql\/","name":"ALCALD\u00cdA DE C\u00daCUTA, PRESENTE EN EL ENCUENTRO INTERNACIONAL DE LA ARCILLA, LA CER\u00c1MICA Y LA CONSTRUCCI\u00d3N 2021 -","isPartOf":{"@id":"http:\/\/8.243.70.68\/pagina\/#website"},"primaryImageOfPage":{"@id":"http:\/\/8.243.70.68\/pagina\/alcaldia-de-cucuta-presente-en-el-encuentro-internacional-sql\/#primaryimage"},"datePublished":"2021-10-19T19:56:53+00:00","dateModified":"2021-11-01T17:32:07+00:00","author":{"@id":"http:\/\/8.243.70.68\/pagina\/#\/schema\/person\/d4edade63cce9a82562ad8f82660f77b"},"breadcrumb":{"@id":"http:\/\/8.243.70.68\/pagina\/alcaldia-de-cucuta-presente-en-el-encuentro-internacional-sql\/#breadcrumb"},"inLanguage":"es-CO","potentialAction":[{"@type":"ReadAction","target":["http:\/\/8.243.70.68\/pagina\/alcaldia-de-cucuta-presente-en-el-encuentro-internacional-sql\/"]}]},{"@type":"BreadcrumbList","@id":"http:\/\/8.243.70.68\/pagina\/alcaldia-de-cucuta-presente-en-el-encuentro-internacional-sql\/#breadcrumb","itemListElement":[{"@type":"ListItem","position":1,"name":"Inicio","item":"http:\/\/8.243.70.68\/pagina\/"},{"@type":"ListItem","position":2,"name":"ALCALD\u00cdA DE C\u00daCUTA, PRESENTE EN EL ENCUENTRO INTERNACIONAL DE LA ARCILLA, LA CER\u00c1MICA Y LA CONSTRUCCI\u00d3N 2021"}]},{"@type":"Person","@id":"http:\/\/8.243.70.68\/pagina\/#\/schema\/person\/d4edade63cce9a82562ad8f82660f77b","name":"CARLOS JOSE PABLOS GUTIERREZ","image":{"@type":"ImageObject","@id":"http:\/\/8.243.70.68\/pagina\/#personlogo","inLanguage":"es-CO","url":"https:\/\/secure.gravatar.com\/avatar\/06ffe7e257ba81e46757f49c36dc54925728bca41b0c3e04a176006956b5fa5a?s=96&d=blank&r=g","contentUrl":"https:\/\/secure.gravatar.com\/avatar\/06ffe7e257ba81e46757f49c36dc54925728bca41b0c3e04a176006956b5fa5a?s=96&d=blank&r=g","caption":"CARLOS JOSE PABLOS GUTIERREZ"},"url":"http:\/\/8.243.70.68\/pagina\/author\/carlos-pablos\/"}]}},"_links":{"self":[{"href":"http:\/\/8.243.70.68\/pagina\/wp-json\/wp\/v2\/posts\/14240","targetHints":{"allow":["GET"]}}],"collection":[{"href":"http:\/\/8.243.70.68\/pagina\/wp-json\/wp\/v2\/posts"}],"about":[{"href":"http:\/\/8.243.70.68\/pagina\/wp-json\/wp\/v2\/types\/post"}],"author":[{"embeddable":true,"href":"http:\/\/8.243.70.68\/pagina\/wp-json\/wp\/v2\/users\/8"}],"replies":[{"embeddable":true,"href":"http:\/\/8.243.70.68\/pagina\/wp-json\/wp\/v2\/comments?post=14240"}],"version-history":[{"count":3,"href":"http:\/\/8.243.70.68\/pagina\/wp-json\/wp\/v2\/posts\/14240\/revisions"}],"predecessor-version":[{"id":22288,"href":"http:\/\/8.243.70.68\/pagina\/wp-json\/wp\/v2\/posts\/14240\/revisions\/22288"}],"wp:featuredmedia":[{"embeddable":true,"href":"http:\/\/8.243.70.68\/pagina\/wp-json\/wp\/v2\/media\/16471"}],"wp:attachment":[{"href":"http:\/\/8.243.70.68\/pagina\/wp-json\/wp\/v2\/media?parent=14240"}],"wp:term":[{"taxonomy":"category","embeddable":true,"href":"http:\/\/8.243.70.68\/pagina\/wp-json\/wp\/v2\/categories?post=14240"},{"taxonomy":"post_tag","embeddable":true,"href":"http:\/\/8.243.70.68\/pagina\/wp-json\/wp\/v2\/tags?post=14240"}],"curies":[{"name":"wp","href":"https:\/\/api.w.org\/{rel}","templated":true}]}}