{"id":14239,"date":"2021-10-20T11:54:54","date_gmt":"2021-10-20T16:54:54","guid":{"rendered":"http:\/\/localhost\/pagina\/?p=14239"},"modified":"2021-11-01T12:32:19","modified_gmt":"2021-11-01T17:32:19","slug":"la-alcaldia-de-cucuta-realizo-el-lanzamiento-del-consejo-sql","status":"publish","type":"post","link":"http:\/\/8.243.70.68\/pagina\/la-alcaldia-de-cucuta-realizo-el-lanzamiento-del-consejo-sql\/","title":{"rendered":"LA ALCALD\u00cdA DE C\u00daCUTA REALIZ\u00d3 EL LANZAMIENTO DEL CONSEJO MUNICIPAL DE JUVENTUD"},"content":{"rendered":"\t\t<div data-elementor-type=\"wp-post\" data-elementor-id=\"14239\" class=\"elementor elementor-14239\">\n\t\t\t\t\t\t<section class=\"elementor-section elementor-top-section elementor-element elementor-element-01beb71 elementor-section-boxed elementor-section-height-default elementor-section-height-default\" data-id=\"01beb71\" data-element_type=\"section\">\n\t\t\t\t\t\t<div class=\"elementor-container elementor-column-gap-default\">\n\t\t\t\t\t<div class=\"elementor-column elementor-col-100 elementor-top-column elementor-element elementor-element-5748acd\" data-id=\"5748acd\" data-element_type=\"column\">\n\t\t\t<div class=\"elementor-widget-wrap elementor-element-populated\">\n\t\t\t\t\t\t\t<\/div>\n\t\t<\/div>\n\t\t\t\t\t<\/div>\n\t\t<\/section>\n\t\t\t\t<section class=\"elementor-section elementor-top-section elementor-element elementor-element-8459750 elementor-section-boxed elementor-section-height-default elementor-section-height-default\" data-id=\"8459750\" data-element_type=\"section\">\n\t\t\t\t\t\t<div class=\"elementor-container elementor-column-gap-default\">\n\t\t\t\t\t<div class=\"elementor-column elementor-col-100 elementor-top-column elementor-element elementor-element-99c2f9a\" data-id=\"99c2f9a\" data-element_type=\"column\">\n\t\t\t<div class=\"elementor-widget-wrap elementor-element-populated\">\n\t\t\t\t\t\t<div class=\"elementor-element elementor-element-090e582 elementor-widget elementor-widget-text-editor\" data-id=\"090e582\" data-element_type=\"widget\" data-widget_type=\"text-editor.default\">\n\t\t\t\t<div class=\"elementor-widget-container\">\n\t\t\t\t\t\t\t<div><ul id=\"docs-internal-guid-31098d8b-7fff-8f12-5eac-76d89110d042\"><li dir=\"ltr\" aria-level=\"1\"><p dir=\"ltr\" role=\"presentation\">Bajo los lineamientos del Gobierno Nacional, la Alcald\u00eda de C\u00facuta, a trav\u00e9s de la subsecretar\u00eda de Juventud, en conjunto con la Registradur\u00eda Nacional, la Defensor\u00eda del Pueblo, la Personer\u00eda Municipal y la Polic\u00eda Nacional realiz\u00f3 el lanzamiento del Consejo Municipal de Juventud.<\/p><\/li><\/ul><ul><li dir=\"ltr\" aria-level=\"1\"><p dir=\"ltr\" role=\"presentation\">\u201cHoy estamos apoyando y acompa\u00f1ando este hecho hist\u00f3rico en Colombia a trav\u00e9s de la presentaci\u00f3n de una nueva generaci\u00f3n de liderazgos pol\u00edticos, que sin duda alguna aportar\u00e1n con sus ideas y visiones a la construcci\u00f3n de la C\u00facuta 2050\u201d, afirm\u00f3 el alcalde Jairo Y\u00e1\u00f1ez.\u00a0<\/p><\/li><\/ul><ul><li dir=\"ltr\" aria-level=\"1\"><p dir=\"ltr\" role=\"presentation\">El 5 de diciembre del 2021 se realizar\u00e1 la jornada de elecci\u00f3n, en la cual podr\u00e1n votar j\u00f3venes de 14 a 28 a\u00f1os que est\u00e9n previamente inscritos en el censo electoral.\u00a0\u00a0<\/p><\/li><\/ul><p dir=\"ltr\">San Jos\u00e9 de C\u00facuta, Norte de Santander, 20 de octubre de 2021 (@AlcaldiaCucuta).\u00a0Con actividades culturales y la participaci\u00f3n de 213 j\u00f3venes se realiz\u00f3 el lanzamiento del Consejo Municipal de Juventud (CMJ), respaldado por la Alcald\u00eda de C\u00facuta, la Registradur\u00eda Nacional, la Defensor\u00eda del Pueblo, la Personer\u00eda y la Polic\u00eda Nacional.\u00a0\u00a0<\/p><p dir=\"ltr\">Esta iniciativa tiene como objetivo instalar por primera vez en Colombia y en el municipio, el Consejo Municipal de Juventud. Esta instancia se presenta como un mecanismo aut\u00f3nomo de participaci\u00f3n y concertaci\u00f3n, vigilancia y control de la gesti\u00f3n p\u00fablica. Asimismo, los j\u00f3venes elegidos ser\u00e1n los interlocutores en relaci\u00f3n con las agendas territoriales de las juventudes ante la institucionalidad p\u00fablica.\u00a0\u00a0<\/p><p dir=\"ltr\">Durante el evento se presentaron 24 planchas, las cuales est\u00e1n conformadas por 11 partidos pol\u00edticos, 4 movimientos de pr\u00e1cticas organizativas y 9 movimientos independientes del municipio. Los j\u00f3venes que sean seleccionados contar\u00e1n con el apoyo de la administraci\u00f3n municipal para visibilizar sus iniciativas y propuestas, generando as\u00ed una pedagog\u00eda de participaci\u00f3n pol\u00edtica.\u00a0\u00a0<\/p><p dir=\"ltr\">\u201cLos j\u00f3venes son el presente y el futuro de nuestra ciudad. Desde la administraci\u00f3n municipal estamos comprometidos de manera integral con la juventud. Hoy estamos apoyando y acompa\u00f1ando este hecho hist\u00f3rico en Colombia a trav\u00e9s de la presentaci\u00f3n de una nueva generaci\u00f3n de liderazgos pol\u00edticos, que sin duda alguna aportar\u00e1n con sus ideas y visiones a la construcci\u00f3n de la C\u00facuta 2050\u201d, puntualiz\u00f3, el alcalde Jairo Y\u00e1\u00f1ez\u00a0\u00a0<\/p><p dir=\"ltr\">La elecci\u00f3n del Consejo de Juventud se realizar\u00e1 el pr\u00f3ximo 5 de diciembre y los elegidos ocupar\u00e1n sus cargos por un periodo de 4 a\u00f1os. En total se repartir\u00e1n 17 curules divididas en el 30% a partidos pol\u00edticos, 40% a movimientos independientes y 30% a pr\u00e1cticas organizativas del municipio de C\u00facuta.\u00a0<\/p><p dir=\"ltr\">Las personas habilitadas para votar ser\u00e1n los j\u00f3venes entre los 14 y los 28 a\u00f1os previamente inscritos en el censo electoral.<\/p><p dir=\"ltr\">\u201cEs motivo de exaltaci\u00f3n la participaci\u00f3n pol\u00edtica de j\u00f3venes en nuestro territorio. Esa es la fuerza de la juventud con la que discutimos, proponemos y trabajamos de manera participativa e incidente por una C\u00facuta al alcance de nuestros sue\u00f1os\u201d, afirm\u00f3 Miguel Pinto Ardila, subsecretario de Juventud de la Secretar\u00eda de Educaci\u00f3n Municipal.\u00a0\u00a0<\/p><p dir=\"ltr\">Durante la jornada tambi\u00e9n se dio apertura a la convocatoria de curules especiales, con las cuales se garantizar\u00e1 que todas las poblaciones sean representadas dentro del Consejo Municipal de Juventud.<\/p><p dir=\"ltr\">De esta manera las comunidades afrodescendientes, las negritudes, los ind\u00edgenas, las comunidades campesinas y las v\u00edctimas realizar\u00e1n un proceso aut\u00f3nomo en articulaci\u00f3n con la administraci\u00f3n municipal, para llevar a cabo las elecciones a trav\u00e9s de asambleas por grupo poblacional. La fecha estipulada para desarrollar esta actividad electoral ser\u00e1 del 1 al 4 de noviembre y se realizar\u00e1 mediante votaci\u00f3n o consensos entre los integrantes de los grupos anteriormente mencionados.\u00a0<\/p><p dir=\"ltr\">Asimismo, la Subsecretar\u00eda de Juventud hace la invitaci\u00f3n a los y las j\u00f3venes del municipio de San Jos\u00e9 de C\u00facuta a descargar la aplicaci\u00f3n InfoCandidatos de Joven Elige Joven 2021, en la cual podr\u00e1n consultar las propuestas, comunicarse de forma directa con los candidatos, comparar perfiles y revisar informaci\u00f3n relevante y noticias ver\u00eddicas sobre este proceso hist\u00f3rico que se desarrolla en Colombia.\u00a0\u00a0<\/p><\/div>\t\t\t\t\t\t<\/div>\n\t\t\t\t<\/div>\n\t\t\t\t\t<\/div>\n\t\t<\/div>\n\t\t\t\t\t<\/div>\n\t\t<\/section>\n\t\t\t\t<section class=\"elementor-section elementor-top-section elementor-element elementor-element-14a88e4 elementor-section-boxed elementor-section-height-default elementor-section-height-default\" data-id=\"14a88e4\" data-element_type=\"section\">\n\t\t\t\t\t\t<div class=\"elementor-container elementor-column-gap-default\">\n\t\t\t\t\t<div class=\"elementor-column elementor-col-100 elementor-top-column elementor-element elementor-element-5543326\" data-id=\"5543326\" data-element_type=\"column\">\n\t\t\t<div class=\"elementor-widget-wrap elementor-element-populated\">\n\t\t\t\t\t\t\t<\/div>\n\t\t<\/div>\n\t\t\t\t\t<\/div>\n\t\t<\/section>\n\t\t\t\t<section class=\"elementor-section elementor-top-section elementor-element elementor-element-e8cfa56 elementor-section-boxed elementor-section-height-default elementor-section-height-default\" data-id=\"e8cfa56\" data-element_type=\"section\">\n\t\t\t\t\t\t<div class=\"elementor-container elementor-column-gap-default\">\n\t\t\t\t\t<div class=\"elementor-column elementor-col-100 elementor-top-column elementor-element elementor-element-57670b6\" data-id=\"57670b6\" data-element_type=\"column\">\n\t\t\t<div class=\"elementor-widget-wrap elementor-element-populated\">\n\t\t\t\t\t\t<div class=\"elementor-element elementor-element-ac8e862 elementor-icon-list--layout-inline elementor-list-item-link-full_width elementor-widget elementor-widget-icon-list\" data-id=\"ac8e862\" data-element_type=\"widget\" data-widget_type=\"icon-list.default\">\n\t\t\t\t<div class=\"elementor-widget-container\">\n\t\t\t\t\t<ul class=\"elementor-icon-list-items elementor-inline-items\">\n\t\t\t\t\t<\/ul>\n\t\t\t\t<\/div>\n\t\t\t\t<\/div>\n\t\t\t\t\t<\/div>\n\t\t<\/div>\n\t\t\t\t\t<\/div>\n\t\t<\/section>\n\t\t\t\t<\/div>\n\t\t","protected":false},"excerpt":{"rendered":"<p>Bajo los lineamientos del Gobierno Nacional, la Alcald\u00eda de C\u00facuta, a trav\u00e9s de la subsecretar\u00eda de Juventud, en conjunto con la Registradur\u00eda Nacional, la Defensor\u00eda del Pueblo, la Personer\u00eda<\/p>\n","protected":false},"author":8,"featured_media":16472,"comment_status":"closed","ping_status":"open","sticky":false,"template":"elementor_theme","format":"standard","meta":{"footnotes":""},"categories":[74],"tags":[],"class_list":["post-14239","post","type-post","status-publish","format-standard","has-post-thumbnail","hentry","category-noticias"],"yoast_head":"<!-- This site is optimized with the Yoast SEO plugin v17.5 - https:\/\/yoast.com\/wordpress\/plugins\/seo\/ -->\r\n<title>LA ALCALD\u00cdA DE C\u00daCUTA REALIZ\u00d3 EL LANZAMIENTO DEL CONSEJO MUNICIPAL DE JUVENTUD -<\/title>\r\n<meta name=\"robots\" content=\"index, follow, max-snippet:-1, max-image-preview:large, max-video-preview:-1\" \/>\r\n<link rel=\"canonical\" href=\"http:\/\/8.243.70.68\/pagina\/la-alcaldia-de-cucuta-realizo-el-lanzamiento-del-consejo-sql\/\" \/>\r\n<meta property=\"og:locale\" content=\"es_ES\" \/>\r\n<meta property=\"og:type\" content=\"article\" \/>\r\n<meta property=\"og:title\" content=\"LA ALCALD\u00cdA DE C\u00daCUTA REALIZ\u00d3 EL LANZAMIENTO DEL CONSEJO MUNICIPAL DE JUVENTUD -\" \/>\r\n<meta property=\"og:description\" content=\"Bajo los lineamientos del Gobierno Nacional, la Alcald\u00eda de C\u00facuta, a trav\u00e9s de la subsecretar\u00eda de Juventud, en conjunto con la Registradur\u00eda Nacional, la Defensor\u00eda del Pueblo, la Personer\u00eda\" \/>\r\n<meta property=\"og:url\" content=\"http:\/\/8.243.70.68\/pagina\/la-alcaldia-de-cucuta-realizo-el-lanzamiento-del-consejo-sql\/\" \/>\r\n<meta property=\"article:published_time\" content=\"2021-10-20T16:54:54+00:00\" \/>\r\n<meta property=\"article:modified_time\" content=\"2021-11-01T17:32:19+00:00\" \/>\r\n<meta property=\"og:image\" content=\"http:\/\/8.243.70.68\/pagina\/wp-content\/uploads\/2021\/10\/53307_la-alcaldia-de-cucuta-realizo-el-lanzamiento-del-consejo_1024x600.jpg\" \/>\r\n\t<meta property=\"og:image:width\" content=\"1024\" \/>\r\n\t<meta property=\"og:image:height\" content=\"683\" \/>\r\n<meta name=\"twitter:card\" content=\"summary_large_image\" \/>\r\n<meta name=\"twitter:label1\" content=\"Escrito por\" \/>\n\t<meta name=\"twitter:data1\" content=\"CARLOS JOSE PABLOS GUTIERREZ\" \/>\n\t<meta name=\"twitter:label2\" content=\"Tiempo estimado de lectura\" \/>\n\t<meta name=\"twitter:data2\" content=\"4 minutos\" \/>\r\n<script type=\"application\/ld+json\" class=\"yoast-schema-graph\">{\"@context\":\"https:\/\/schema.org\",\"@graph\":[{\"@type\":\"WebSite\",\"@id\":\"http:\/\/8.243.70.68\/pagina\/#website\",\"url\":\"http:\/\/8.243.70.68\/pagina\/\",\"name\":\"\",\"description\":\"\",\"potentialAction\":[{\"@type\":\"SearchAction\",\"target\":{\"@type\":\"EntryPoint\",\"urlTemplate\":\"http:\/\/8.243.70.68\/pagina\/?s={search_term_string}\"},\"query-input\":\"required name=search_term_string\"}],\"inLanguage\":\"es-CO\"},{\"@type\":\"ImageObject\",\"@id\":\"http:\/\/8.243.70.68\/pagina\/la-alcaldia-de-cucuta-realizo-el-lanzamiento-del-consejo-sql\/#primaryimage\",\"inLanguage\":\"es-CO\",\"url\":\"http:\/\/8.243.70.68\/pagina\/wp-content\/uploads\/2021\/10\/53307_la-alcaldia-de-cucuta-realizo-el-lanzamiento-del-consejo_1024x600.jpg\",\"contentUrl\":\"http:\/\/8.243.70.68\/pagina\/wp-content\/uploads\/2021\/10\/53307_la-alcaldia-de-cucuta-realizo-el-lanzamiento-del-consejo_1024x600.jpg\",\"width\":1024,\"height\":683},{\"@type\":\"WebPage\",\"@id\":\"http:\/\/8.243.70.68\/pagina\/la-alcaldia-de-cucuta-realizo-el-lanzamiento-del-consejo-sql\/#webpage\",\"url\":\"http:\/\/8.243.70.68\/pagina\/la-alcaldia-de-cucuta-realizo-el-lanzamiento-del-consejo-sql\/\",\"name\":\"LA ALCALD\\u00cdA DE C\\u00daCUTA REALIZ\\u00d3 EL LANZAMIENTO DEL CONSEJO MUNICIPAL DE JUVENTUD -\",\"isPartOf\":{\"@id\":\"http:\/\/8.243.70.68\/pagina\/#website\"},\"primaryImageOfPage\":{\"@id\":\"http:\/\/8.243.70.68\/pagina\/la-alcaldia-de-cucuta-realizo-el-lanzamiento-del-consejo-sql\/#primaryimage\"},\"datePublished\":\"2021-10-20T16:54:54+00:00\",\"dateModified\":\"2021-11-01T17:32:19+00:00\",\"author\":{\"@id\":\"http:\/\/8.243.70.68\/pagina\/#\/schema\/person\/d4edade63cce9a82562ad8f82660f77b\"},\"breadcrumb\":{\"@id\":\"http:\/\/8.243.70.68\/pagina\/la-alcaldia-de-cucuta-realizo-el-lanzamiento-del-consejo-sql\/#breadcrumb\"},\"inLanguage\":\"es-CO\",\"potentialAction\":[{\"@type\":\"ReadAction\",\"target\":[\"http:\/\/8.243.70.68\/pagina\/la-alcaldia-de-cucuta-realizo-el-lanzamiento-del-consejo-sql\/\"]}]},{\"@type\":\"BreadcrumbList\",\"@id\":\"http:\/\/8.243.70.68\/pagina\/la-alcaldia-de-cucuta-realizo-el-lanzamiento-del-consejo-sql\/#breadcrumb\",\"itemListElement\":[{\"@type\":\"ListItem\",\"position\":1,\"name\":\"Inicio\",\"item\":\"http:\/\/8.243.70.68\/pagina\/\"},{\"@type\":\"ListItem\",\"position\":2,\"name\":\"LA ALCALD\\u00cdA DE C\\u00daCUTA REALIZ\\u00d3 EL LANZAMIENTO DEL CONSEJO MUNICIPAL DE JUVENTUD\"}]},{\"@type\":\"Person\",\"@id\":\"http:\/\/8.243.70.68\/pagina\/#\/schema\/person\/d4edade63cce9a82562ad8f82660f77b\",\"name\":\"CARLOS JOSE PABLOS GUTIERREZ\",\"image\":{\"@type\":\"ImageObject\",\"@id\":\"http:\/\/8.243.70.68\/pagina\/#personlogo\",\"inLanguage\":\"es-CO\",\"url\":\"https:\/\/secure.gravatar.com\/avatar\/06ffe7e257ba81e46757f49c36dc54925728bca41b0c3e04a176006956b5fa5a?s=96&d=blank&r=g\",\"contentUrl\":\"https:\/\/secure.gravatar.com\/avatar\/06ffe7e257ba81e46757f49c36dc54925728bca41b0c3e04a176006956b5fa5a?s=96&d=blank&r=g\",\"caption\":\"CARLOS JOSE PABLOS GUTIERREZ\"},\"url\":\"http:\/\/8.243.70.68\/pagina\/author\/carlos-pablos\/\"}]}<\/script>\r\n<!-- \/ Yoast SEO plugin. -->","yoast_head_json":{"title":"LA ALCALD\u00cdA DE C\u00daCUTA REALIZ\u00d3 EL LANZAMIENTO DEL CONSEJO MUNICIPAL DE JUVENTUD -","robots":{"index":"index","follow":"follow","max-snippet":"max-snippet:-1","max-image-preview":"max-image-preview:large","max-video-preview":"max-video-preview:-1"},"canonical":"http:\/\/8.243.70.68\/pagina\/la-alcaldia-de-cucuta-realizo-el-lanzamiento-del-consejo-sql\/","og_locale":"es_ES","og_type":"article","og_title":"LA ALCALD\u00cdA DE C\u00daCUTA REALIZ\u00d3 EL LANZAMIENTO DEL CONSEJO MUNICIPAL DE JUVENTUD -","og_description":"Bajo los lineamientos del Gobierno Nacional, la Alcald\u00eda de C\u00facuta, a trav\u00e9s de la subsecretar\u00eda de Juventud, en conjunto con la Registradur\u00eda Nacional, la Defensor\u00eda del Pueblo, la Personer\u00eda","og_url":"http:\/\/8.243.70.68\/pagina\/la-alcaldia-de-cucuta-realizo-el-lanzamiento-del-consejo-sql\/","article_published_time":"2021-10-20T16:54:54+00:00","article_modified_time":"2021-11-01T17:32:19+00:00","og_image":[{"width":1024,"height":683,"url":"http:\/\/8.243.70.68\/pagina\/wp-content\/uploads\/2021\/10\/53307_la-alcaldia-de-cucuta-realizo-el-lanzamiento-del-consejo_1024x600.jpg","type":"image\/jpeg"}],"twitter_card":"summary_large_image","twitter_misc":{"Escrito por":"CARLOS JOSE PABLOS GUTIERREZ","Tiempo estimado de lectura":"4 minutos"},"schema":{"@context":"https:\/\/schema.org","@graph":[{"@type":"WebSite","@id":"http:\/\/8.243.70.68\/pagina\/#website","url":"http:\/\/8.243.70.68\/pagina\/","name":"","description":"","potentialAction":[{"@type":"SearchAction","target":{"@type":"EntryPoint","urlTemplate":"http:\/\/8.243.70.68\/pagina\/?s={search_term_string}"},"query-input":"required name=search_term_string"}],"inLanguage":"es-CO"},{"@type":"ImageObject","@id":"http:\/\/8.243.70.68\/pagina\/la-alcaldia-de-cucuta-realizo-el-lanzamiento-del-consejo-sql\/#primaryimage","inLanguage":"es-CO","url":"http:\/\/8.243.70.68\/pagina\/wp-content\/uploads\/2021\/10\/53307_la-alcaldia-de-cucuta-realizo-el-lanzamiento-del-consejo_1024x600.jpg","contentUrl":"http:\/\/8.243.70.68\/pagina\/wp-content\/uploads\/2021\/10\/53307_la-alcaldia-de-cucuta-realizo-el-lanzamiento-del-consejo_1024x600.jpg","width":1024,"height":683},{"@type":"WebPage","@id":"http:\/\/8.243.70.68\/pagina\/la-alcaldia-de-cucuta-realizo-el-lanzamiento-del-consejo-sql\/#webpage","url":"http:\/\/8.243.70.68\/pagina\/la-alcaldia-de-cucuta-realizo-el-lanzamiento-del-consejo-sql\/","name":"LA ALCALD\u00cdA DE C\u00daCUTA REALIZ\u00d3 EL LANZAMIENTO DEL CONSEJO MUNICIPAL DE JUVENTUD -","isPartOf":{"@id":"http:\/\/8.243.70.68\/pagina\/#website"},"primaryImageOfPage":{"@id":"http:\/\/8.243.70.68\/pagina\/la-alcaldia-de-cucuta-realizo-el-lanzamiento-del-consejo-sql\/#primaryimage"},"datePublished":"2021-10-20T16:54:54+00:00","dateModified":"2021-11-01T17:32:19+00:00","author":{"@id":"http:\/\/8.243.70.68\/pagina\/#\/schema\/person\/d4edade63cce9a82562ad8f82660f77b"},"breadcrumb":{"@id":"http:\/\/8.243.70.68\/pagina\/la-alcaldia-de-cucuta-realizo-el-lanzamiento-del-consejo-sql\/#breadcrumb"},"inLanguage":"es-CO","potentialAction":[{"@type":"ReadAction","target":["http:\/\/8.243.70.68\/pagina\/la-alcaldia-de-cucuta-realizo-el-lanzamiento-del-consejo-sql\/"]}]},{"@type":"BreadcrumbList","@id":"http:\/\/8.243.70.68\/pagina\/la-alcaldia-de-cucuta-realizo-el-lanzamiento-del-consejo-sql\/#breadcrumb","itemListElement":[{"@type":"ListItem","position":1,"name":"Inicio","item":"http:\/\/8.243.70.68\/pagina\/"},{"@type":"ListItem","position":2,"name":"LA ALCALD\u00cdA DE C\u00daCUTA REALIZ\u00d3 EL LANZAMIENTO DEL CONSEJO MUNICIPAL DE JUVENTUD"}]},{"@type":"Person","@id":"http:\/\/8.243.70.68\/pagina\/#\/schema\/person\/d4edade63cce9a82562ad8f82660f77b","name":"CARLOS JOSE PABLOS GUTIERREZ","image":{"@type":"ImageObject","@id":"http:\/\/8.243.70.68\/pagina\/#personlogo","inLanguage":"es-CO","url":"https:\/\/secure.gravatar.com\/avatar\/06ffe7e257ba81e46757f49c36dc54925728bca41b0c3e04a176006956b5fa5a?s=96&d=blank&r=g","contentUrl":"https:\/\/secure.gravatar.com\/avatar\/06ffe7e257ba81e46757f49c36dc54925728bca41b0c3e04a176006956b5fa5a?s=96&d=blank&r=g","caption":"CARLOS JOSE PABLOS GUTIERREZ"},"url":"http:\/\/8.243.70.68\/pagina\/author\/carlos-pablos\/"}]}},"_links":{"self":[{"href":"http:\/\/8.243.70.68\/pagina\/wp-json\/wp\/v2\/posts\/14239","targetHints":{"allow":["GET"]}}],"collection":[{"href":"http:\/\/8.243.70.68\/pagina\/wp-json\/wp\/v2\/posts"}],"about":[{"href":"http:\/\/8.243.70.68\/pagina\/wp-json\/wp\/v2\/types\/post"}],"author":[{"embeddable":true,"href":"http:\/\/8.243.70.68\/pagina\/wp-json\/wp\/v2\/users\/8"}],"replies":[{"embeddable":true,"href":"http:\/\/8.243.70.68\/pagina\/wp-json\/wp\/v2\/comments?post=14239"}],"version-history":[{"count":3,"href":"http:\/\/8.243.70.68\/pagina\/wp-json\/wp\/v2\/posts\/14239\/revisions"}],"predecessor-version":[{"id":22290,"href":"http:\/\/8.243.70.68\/pagina\/wp-json\/wp\/v2\/posts\/14239\/revisions\/22290"}],"wp:featuredmedia":[{"embeddable":true,"href":"http:\/\/8.243.70.68\/pagina\/wp-json\/wp\/v2\/media\/16472"}],"wp:attachment":[{"href":"http:\/\/8.243.70.68\/pagina\/wp-json\/wp\/v2\/media?parent=14239"}],"wp:term":[{"taxonomy":"category","embeddable":true,"href":"http:\/\/8.243.70.68\/pagina\/wp-json\/wp\/v2\/categories?post=14239"},{"taxonomy":"post_tag","embeddable":true,"href":"http:\/\/8.243.70.68\/pagina\/wp-json\/wp\/v2\/tags?post=14239"}],"curies":[{"name":"wp","href":"https:\/\/api.w.org\/{rel}","templated":true}]}}