{"id":14238,"date":"2021-10-20T21:11:09","date_gmt":"2021-10-21T02:11:09","guid":{"rendered":"http:\/\/localhost\/pagina\/?p=14238"},"modified":"2021-11-01T12:32:43","modified_gmt":"2021-11-01T17:32:43","slug":"alcaldia-de-cucuta-decreta-medidas-ante-las-manifestaciones-sql","status":"publish","type":"post","link":"http:\/\/8.243.70.68\/pagina\/alcaldia-de-cucuta-decreta-medidas-ante-las-manifestaciones-sql\/","title":{"rendered":"ALCALD\u00cdA DE C\u00daCUTA DECRETA MEDIDAS ANTE LAS MANIFESTACIONES PAC\u00cdFICAS PROGRAMADAS ESTE JUEVES 21 DE OCTUBRE"},"content":{"rendered":"\t\t<div data-elementor-type=\"wp-post\" data-elementor-id=\"14238\" class=\"elementor elementor-14238\">\n\t\t\t\t\t\t<section class=\"elementor-section elementor-top-section elementor-element elementor-element-01beb71 elementor-section-boxed elementor-section-height-default elementor-section-height-default\" data-id=\"01beb71\" data-element_type=\"section\">\n\t\t\t\t\t\t<div class=\"elementor-container elementor-column-gap-default\">\n\t\t\t\t\t<div class=\"elementor-column elementor-col-100 elementor-top-column elementor-element elementor-element-5748acd\" data-id=\"5748acd\" data-element_type=\"column\">\n\t\t\t<div class=\"elementor-widget-wrap elementor-element-populated\">\n\t\t\t\t\t\t\t<\/div>\n\t\t<\/div>\n\t\t\t\t\t<\/div>\n\t\t<\/section>\n\t\t\t\t<section class=\"elementor-section elementor-top-section elementor-element elementor-element-8459750 elementor-section-boxed elementor-section-height-default elementor-section-height-default\" data-id=\"8459750\" data-element_type=\"section\">\n\t\t\t\t\t\t<div class=\"elementor-container elementor-column-gap-default\">\n\t\t\t\t\t<div class=\"elementor-column elementor-col-100 elementor-top-column elementor-element elementor-element-99c2f9a\" data-id=\"99c2f9a\" data-element_type=\"column\">\n\t\t\t<div class=\"elementor-widget-wrap elementor-element-populated\">\n\t\t\t\t\t\t<div class=\"elementor-element elementor-element-090e582 elementor-widget elementor-widget-text-editor\" data-id=\"090e582\" data-element_type=\"widget\" data-widget_type=\"text-editor.default\">\n\t\t\t\t<div class=\"elementor-widget-container\">\n\t\t\t\t\t\t\t<ul id=\"docs-internal-guid-328f68d6-7fff-64a5-7a11-0d0f159a4e41\"><li dir=\"ltr\" aria-level=\"1\"><b><i><\/i><\/b><br \/><p dir=\"ltr\" role=\"presentation\">El alcalde de C\u00facuta, Jairo Y\u00e1\u00f1ez, expidi\u00f3 el decreto 0293 del 20 de octubre de 2021 que dicta las medidas especiales para preservar el orden p\u00fablico, respeto y garant\u00eda a la protesta social por parte de la Minga Ind\u00edgena el 21 de octubre.<\/p><\/li><li dir=\"ltr\" aria-level=\"1\"><br \/><p dir=\"ltr\" role=\"presentation\">Se decreta ley seca en el municipio de San Jos\u00e9 de C\u00facuta, a partir de las 00:00 horas del 21 de octubre y hasta las 23:59 horas del mismo d\u00eda.<\/p><\/li><li dir=\"ltr\" aria-level=\"1\"><br \/><p dir=\"ltr\" role=\"presentation\">Se proh\u00edbe el tr\u00e1nsito de parrillero hombre o mujer a partir de las 00:00 horas del d\u00eda veintiuno (21) de octubre de 2021 y hasta las 23:59 horas del d\u00eda veintiuno (21) de octubre de 2021.<\/p><\/li><li dir=\"ltr\" aria-level=\"1\"><p dir=\"ltr\" role=\"presentation\">Se activa el Puesto de Mando Unificado (PMU) \u201cpara la atenci\u00f3n y monitoreo de las protestas pac\u00edficas que se desarrollar\u00e1n el 21 de octubre de 2021, con el fin de articular acciones de prevenci\u00f3n, seguridad, respeto, gesti\u00f3n y atenci\u00f3n de las situaciones que se den en el marco del ejercicio de la protesta pac\u00edfica\u201d, seg\u00fan indica el se\u00f1alado Decreto.<\/p><\/li><\/ul><p dir=\"ltr\">San Jos\u00e9 de C\u00facuta, Norte de Santander, 20 de octubre de 2021 (@AlcaldiaCucuta). Con el fin de adoptar medidas e impartir instrucciones que garanticen la preservaci\u00f3n del orden p\u00fablico, seguridad y movilidad en las manifestaciones pac\u00edficas previstas por parte de la Minga Ind\u00edgena, el alcalde de C\u00facuta, Jairo Tom\u00e1s Y\u00e1\u00f1ez Rodr\u00edguez, expidi\u00f3 el Decreto 0293 del 20 de octubre de 2021.\u00a0<\/p><p dir=\"ltr\">\u201cInvito a todos los participantes de esta jornada de protesta social, para que se movilicen de manera pac\u00edfica y se respeten los bienes p\u00fablicos y privados en el municipio. Los exhorto a que sigamos siendo ejemplo a nivel nacional y pongamos en pr\u00e1ctica principios, valores y virtudes para cuidar nuestra amada ciudad\u201d, manifest\u00f3 el ingeniero Jairo Y\u00e1\u00f1ez.<\/p><p dir=\"ltr\">Entre las medidas adoptadas se encuentra:\u00a0<\/p><ol><li dir=\"ltr\" aria-level=\"1\"><p dir=\"ltr\" role=\"presentation\">Prohibir el porte de todo tipo de armas contundentes (instrumento y acto que producen contusi\u00f3n o golpe), cortocontundentes (instrumentos que contienen una hoja de metal con bordes semirromos), cortopunzantes, punzantes (armas blancas o de herramientas que pueden ser usadas como tales) y similares que puedan causar lesiones a la vida e integridad de las personas a partir de las 00:00 horas del d\u00eda veintiuno (21) de octubre de 2021 y hasta las 23:59 horas del d\u00eda veintiuno (21) de octubre de 2021.<\/p><\/li><li dir=\"ltr\" aria-level=\"1\"><p dir=\"ltr\" role=\"presentation\">Se proh\u00edbe el transporte y disposici\u00f3n de escombros en las v\u00edas p\u00fablicas, inmuebles y lotes particulares, as\u00ed como el transporte de trasteos, en el municipio de C\u00facuta, a partir de las 18:00 horas del d\u00eda veinte (20) de octubre de 2021 y hasta las 06:00 horas del d\u00eda veintid\u00f3s (22) de octubre de 2021.<\/p><\/li><li dir=\"ltr\" aria-level=\"1\"><p dir=\"ltr\" role=\"presentation\">Proh\u00edbase el tr\u00e1nsito de parrillero hombre o mujer a partir de las 00:00 00:00 horas del d\u00eda veintiuno (21) de octubre de 2021 y hasta las 23:59 horas del d\u00eda veintiuno (21) de octubre de 2021.<\/p><\/li><\/ol><p dir=\"ltr\">Asimismo, teniendo en cuenta la pandemia del Covid-19, se exige el cumplimiento obligatorio de los protocolos de bioseguridad, con el fin de prevenir y mitigar el riesgo de contagio por coronavirus. Todos los participantes del ejercicio de la protesta pac\u00edfica del municipio de C\u00facuta deber\u00e1n cumplir con las siguientes medidas de bioseguridad:\u00a0<\/p><p dir=\"ltr\">USO OBLIGATORIO DE TAPABOCAS. El uso de tapabocas que cubra nariz y boca ser\u00e1 obligatorio para todas las personas participantes del ejercicio de la protesta pac\u00edfica, independientemente de la actividad o labor que desempe\u00f1en. La no utilizaci\u00f3n del tapabocas dar\u00e1 lugar a la imposici\u00f3n de las sanciones penales previstas en el art\u00edculo 368 y 369 del C\u00f3digo Penal, las sanciones establecidas en el C\u00f3digo Nacional de Seguridad y Convivencia Ciudadana, as\u00ed como las dem\u00e1s sanciones a que haya lugar.<\/p><p dir=\"ltr\">DISTANCIAMIENTO F\u00cdSICO: En el desarrollo de las actividades de protesta pac\u00edfica las personas deber\u00e1n mantener el distanciamiento de dos (2) metros entre ellas, con el fin de prevenir y mitigar el riesgo de contagio por Coronavirus &#8211; COVID19. Lo anterior, de conformidad con las instrucciones que en detalle definan los protocolos de bioseguridad dictados por las autoridades del orden nacional y municipal.<\/p><p dir=\"ltr\">El Decreto se\u00f1ala que las siguientes personas deber\u00e1n abstenerse de participar en la protesta pac\u00edfica: i). Las que se encuentren en aislamiento domiciliario por tener diagn\u00f3stico positivo de COVID-19 o alguno de los s\u00edntomas compatibles con el COVID-19; ii).\u00a0 Las personas que, no teniendo s\u00edntomas, deben estar en aislamiento domiciliario por haber tenido contacto con alguna persona con s\u00edntomas o diagnosticada positiva con COVID-19; iii). Las personas que presenten s\u00edntomas de temperatura corporal superior a 38\u00b0C (fiebre), malestar general, tos, rinorrea, entre otros.<\/p><p dir=\"ltr\">El Decreto 0293 del 20 de octubre de 2021 se puede descargar en:\u00a0<a href=\"http:\/\/www.cucuta-nortedesantander.gov.co\/normatividad\/decreto-no-0293-de-fecha-20-de-octubre-de-2021\" target=\"_blank\" rel=\"noopener\">http:\/\/www.cucuta-nortedesantander.gov.co\/normatividad\/decreto-no-0293-de-fecha-20-de-octubre-de-2021<\/a>\u00a0<\/p>\t\t\t\t\t\t<\/div>\n\t\t\t\t<\/div>\n\t\t\t\t\t<\/div>\n\t\t<\/div>\n\t\t\t\t\t<\/div>\n\t\t<\/section>\n\t\t\t\t<section class=\"elementor-section elementor-top-section elementor-element elementor-element-14a88e4 elementor-section-boxed elementor-section-height-default elementor-section-height-default\" data-id=\"14a88e4\" data-element_type=\"section\">\n\t\t\t\t\t\t<div class=\"elementor-container elementor-column-gap-default\">\n\t\t\t\t\t<div class=\"elementor-column elementor-col-100 elementor-top-column elementor-element elementor-element-5543326\" data-id=\"5543326\" data-element_type=\"column\">\n\t\t\t<div class=\"elementor-widget-wrap elementor-element-populated\">\n\t\t\t\t\t\t\t<\/div>\n\t\t<\/div>\n\t\t\t\t\t<\/div>\n\t\t<\/section>\n\t\t\t\t<section class=\"elementor-section elementor-top-section elementor-element elementor-element-e8cfa56 elementor-section-boxed elementor-section-height-default elementor-section-height-default\" data-id=\"e8cfa56\" data-element_type=\"section\">\n\t\t\t\t\t\t<div class=\"elementor-container elementor-column-gap-default\">\n\t\t\t\t\t<div class=\"elementor-column elementor-col-100 elementor-top-column elementor-element elementor-element-57670b6\" data-id=\"57670b6\" data-element_type=\"column\">\n\t\t\t<div class=\"elementor-widget-wrap elementor-element-populated\">\n\t\t\t\t\t\t<div class=\"elementor-element elementor-element-ac8e862 elementor-icon-list--layout-inline elementor-list-item-link-full_width elementor-widget elementor-widget-icon-list\" data-id=\"ac8e862\" data-element_type=\"widget\" data-widget_type=\"icon-list.default\">\n\t\t\t\t<div class=\"elementor-widget-container\">\n\t\t\t\t\t<ul class=\"elementor-icon-list-items elementor-inline-items\">\n\t\t\t\t\t<\/ul>\n\t\t\t\t<\/div>\n\t\t\t\t<\/div>\n\t\t\t\t\t<\/div>\n\t\t<\/div>\n\t\t\t\t\t<\/div>\n\t\t<\/section>\n\t\t\t\t<\/div>\n\t\t","protected":false},"excerpt":{"rendered":"<p>El alcalde de C\u00facuta, Jairo Y\u00e1\u00f1ez, expidi\u00f3 el decreto 0293 del 20 de octubre de 2021 que dicta las medidas especiales para preservar el orden p\u00fablico, respeto y garant\u00eda a la protesta social por parte<\/p>\n","protected":false},"author":8,"featured_media":16473,"comment_status":"closed","ping_status":"open","sticky":false,"template":"elementor_theme","format":"standard","meta":{"footnotes":""},"categories":[74],"tags":[],"class_list":["post-14238","post","type-post","status-publish","format-standard","has-post-thumbnail","hentry","category-noticias"],"yoast_head":"<!-- This site is optimized with the Yoast SEO plugin v17.5 - https:\/\/yoast.com\/wordpress\/plugins\/seo\/ -->\r\n<title>ALCALD\u00cdA DE C\u00daCUTA DECRETA MEDIDAS ANTE LAS MANIFESTACIONES PAC\u00cdFICAS PROGRAMADAS ESTE JUEVES 21 DE OCTUBRE -<\/title>\r\n<meta name=\"robots\" content=\"index, follow, max-snippet:-1, max-image-preview:large, max-video-preview:-1\" \/>\r\n<link rel=\"canonical\" href=\"http:\/\/8.243.70.68\/pagina\/alcaldia-de-cucuta-decreta-medidas-ante-las-manifestaciones-sql\/\" \/>\r\n<meta property=\"og:locale\" content=\"es_ES\" \/>\r\n<meta property=\"og:type\" content=\"article\" \/>\r\n<meta property=\"og:title\" content=\"ALCALD\u00cdA DE C\u00daCUTA DECRETA MEDIDAS ANTE LAS MANIFESTACIONES PAC\u00cdFICAS PROGRAMADAS ESTE JUEVES 21 DE OCTUBRE -\" \/>\r\n<meta property=\"og:description\" content=\"El alcalde de C\u00facuta, Jairo Y\u00e1\u00f1ez, expidi\u00f3 el decreto 0293 del 20 de octubre de 2021 que dicta las medidas especiales para preservar el orden p\u00fablico, respeto y garant\u00eda a la protesta social por parte\" \/>\r\n<meta property=\"og:url\" content=\"http:\/\/8.243.70.68\/pagina\/alcaldia-de-cucuta-decreta-medidas-ante-las-manifestaciones-sql\/\" \/>\r\n<meta property=\"article:published_time\" content=\"2021-10-21T02:11:09+00:00\" \/>\r\n<meta property=\"article:modified_time\" content=\"2021-11-01T17:32:43+00:00\" \/>\r\n<meta property=\"og:image\" content=\"http:\/\/8.243.70.68\/pagina\/wp-content\/uploads\/2021\/10\/53310_alcaldia-de-cucuta-decreta-medidas-ante-las-manifestaciones_1024x600.jpg\" \/>\r\n\t<meta property=\"og:image:width\" content=\"1024\" \/>\r\n\t<meta property=\"og:image:height\" content=\"682\" \/>\r\n<meta name=\"twitter:card\" content=\"summary_large_image\" \/>\r\n<meta name=\"twitter:label1\" content=\"Escrito por\" \/>\n\t<meta name=\"twitter:data1\" content=\"CARLOS JOSE PABLOS GUTIERREZ\" \/>\n\t<meta name=\"twitter:label2\" content=\"Tiempo estimado de lectura\" \/>\n\t<meta name=\"twitter:data2\" content=\"4 minutos\" \/>\r\n<script type=\"application\/ld+json\" class=\"yoast-schema-graph\">{\"@context\":\"https:\/\/schema.org\",\"@graph\":[{\"@type\":\"WebSite\",\"@id\":\"http:\/\/8.243.70.68\/pagina\/#website\",\"url\":\"http:\/\/8.243.70.68\/pagina\/\",\"name\":\"\",\"description\":\"\",\"potentialAction\":[{\"@type\":\"SearchAction\",\"target\":{\"@type\":\"EntryPoint\",\"urlTemplate\":\"http:\/\/8.243.70.68\/pagina\/?s={search_term_string}\"},\"query-input\":\"required name=search_term_string\"}],\"inLanguage\":\"es-CO\"},{\"@type\":\"ImageObject\",\"@id\":\"http:\/\/8.243.70.68\/pagina\/alcaldia-de-cucuta-decreta-medidas-ante-las-manifestaciones-sql\/#primaryimage\",\"inLanguage\":\"es-CO\",\"url\":\"http:\/\/8.243.70.68\/pagina\/wp-content\/uploads\/2021\/10\/53310_alcaldia-de-cucuta-decreta-medidas-ante-las-manifestaciones_1024x600.jpg\",\"contentUrl\":\"http:\/\/8.243.70.68\/pagina\/wp-content\/uploads\/2021\/10\/53310_alcaldia-de-cucuta-decreta-medidas-ante-las-manifestaciones_1024x600.jpg\",\"width\":1024,\"height\":682},{\"@type\":\"WebPage\",\"@id\":\"http:\/\/8.243.70.68\/pagina\/alcaldia-de-cucuta-decreta-medidas-ante-las-manifestaciones-sql\/#webpage\",\"url\":\"http:\/\/8.243.70.68\/pagina\/alcaldia-de-cucuta-decreta-medidas-ante-las-manifestaciones-sql\/\",\"name\":\"ALCALD\\u00cdA DE C\\u00daCUTA DECRETA MEDIDAS ANTE LAS MANIFESTACIONES PAC\\u00cdFICAS PROGRAMADAS ESTE JUEVES 21 DE OCTUBRE -\",\"isPartOf\":{\"@id\":\"http:\/\/8.243.70.68\/pagina\/#website\"},\"primaryImageOfPage\":{\"@id\":\"http:\/\/8.243.70.68\/pagina\/alcaldia-de-cucuta-decreta-medidas-ante-las-manifestaciones-sql\/#primaryimage\"},\"datePublished\":\"2021-10-21T02:11:09+00:00\",\"dateModified\":\"2021-11-01T17:32:43+00:00\",\"author\":{\"@id\":\"http:\/\/8.243.70.68\/pagina\/#\/schema\/person\/d4edade63cce9a82562ad8f82660f77b\"},\"breadcrumb\":{\"@id\":\"http:\/\/8.243.70.68\/pagina\/alcaldia-de-cucuta-decreta-medidas-ante-las-manifestaciones-sql\/#breadcrumb\"},\"inLanguage\":\"es-CO\",\"potentialAction\":[{\"@type\":\"ReadAction\",\"target\":[\"http:\/\/8.243.70.68\/pagina\/alcaldia-de-cucuta-decreta-medidas-ante-las-manifestaciones-sql\/\"]}]},{\"@type\":\"BreadcrumbList\",\"@id\":\"http:\/\/8.243.70.68\/pagina\/alcaldia-de-cucuta-decreta-medidas-ante-las-manifestaciones-sql\/#breadcrumb\",\"itemListElement\":[{\"@type\":\"ListItem\",\"position\":1,\"name\":\"Inicio\",\"item\":\"http:\/\/8.243.70.68\/pagina\/\"},{\"@type\":\"ListItem\",\"position\":2,\"name\":\"ALCALD\\u00cdA DE C\\u00daCUTA DECRETA MEDIDAS ANTE LAS MANIFESTACIONES PAC\\u00cdFICAS PROGRAMADAS ESTE JUEVES 21 DE OCTUBRE\"}]},{\"@type\":\"Person\",\"@id\":\"http:\/\/8.243.70.68\/pagina\/#\/schema\/person\/d4edade63cce9a82562ad8f82660f77b\",\"name\":\"CARLOS JOSE PABLOS GUTIERREZ\",\"image\":{\"@type\":\"ImageObject\",\"@id\":\"http:\/\/8.243.70.68\/pagina\/#personlogo\",\"inLanguage\":\"es-CO\",\"url\":\"https:\/\/secure.gravatar.com\/avatar\/06ffe7e257ba81e46757f49c36dc54925728bca41b0c3e04a176006956b5fa5a?s=96&d=blank&r=g\",\"contentUrl\":\"https:\/\/secure.gravatar.com\/avatar\/06ffe7e257ba81e46757f49c36dc54925728bca41b0c3e04a176006956b5fa5a?s=96&d=blank&r=g\",\"caption\":\"CARLOS JOSE PABLOS GUTIERREZ\"},\"url\":\"http:\/\/8.243.70.68\/pagina\/author\/carlos-pablos\/\"}]}<\/script>\r\n<!-- \/ Yoast SEO plugin. -->","yoast_head_json":{"title":"ALCALD\u00cdA DE C\u00daCUTA DECRETA MEDIDAS ANTE LAS MANIFESTACIONES PAC\u00cdFICAS PROGRAMADAS ESTE JUEVES 21 DE OCTUBRE -","robots":{"index":"index","follow":"follow","max-snippet":"max-snippet:-1","max-image-preview":"max-image-preview:large","max-video-preview":"max-video-preview:-1"},"canonical":"http:\/\/8.243.70.68\/pagina\/alcaldia-de-cucuta-decreta-medidas-ante-las-manifestaciones-sql\/","og_locale":"es_ES","og_type":"article","og_title":"ALCALD\u00cdA DE C\u00daCUTA DECRETA MEDIDAS ANTE LAS MANIFESTACIONES PAC\u00cdFICAS PROGRAMADAS ESTE JUEVES 21 DE OCTUBRE -","og_description":"El alcalde de C\u00facuta, Jairo Y\u00e1\u00f1ez, expidi\u00f3 el decreto 0293 del 20 de octubre de 2021 que dicta las medidas especiales para preservar el orden p\u00fablico, respeto y garant\u00eda a la protesta social por parte","og_url":"http:\/\/8.243.70.68\/pagina\/alcaldia-de-cucuta-decreta-medidas-ante-las-manifestaciones-sql\/","article_published_time":"2021-10-21T02:11:09+00:00","article_modified_time":"2021-11-01T17:32:43+00:00","og_image":[{"width":1024,"height":682,"url":"http:\/\/8.243.70.68\/pagina\/wp-content\/uploads\/2021\/10\/53310_alcaldia-de-cucuta-decreta-medidas-ante-las-manifestaciones_1024x600.jpg","type":"image\/jpeg"}],"twitter_card":"summary_large_image","twitter_misc":{"Escrito por":"CARLOS JOSE PABLOS GUTIERREZ","Tiempo estimado de lectura":"4 minutos"},"schema":{"@context":"https:\/\/schema.org","@graph":[{"@type":"WebSite","@id":"http:\/\/8.243.70.68\/pagina\/#website","url":"http:\/\/8.243.70.68\/pagina\/","name":"","description":"","potentialAction":[{"@type":"SearchAction","target":{"@type":"EntryPoint","urlTemplate":"http:\/\/8.243.70.68\/pagina\/?s={search_term_string}"},"query-input":"required name=search_term_string"}],"inLanguage":"es-CO"},{"@type":"ImageObject","@id":"http:\/\/8.243.70.68\/pagina\/alcaldia-de-cucuta-decreta-medidas-ante-las-manifestaciones-sql\/#primaryimage","inLanguage":"es-CO","url":"http:\/\/8.243.70.68\/pagina\/wp-content\/uploads\/2021\/10\/53310_alcaldia-de-cucuta-decreta-medidas-ante-las-manifestaciones_1024x600.jpg","contentUrl":"http:\/\/8.243.70.68\/pagina\/wp-content\/uploads\/2021\/10\/53310_alcaldia-de-cucuta-decreta-medidas-ante-las-manifestaciones_1024x600.jpg","width":1024,"height":682},{"@type":"WebPage","@id":"http:\/\/8.243.70.68\/pagina\/alcaldia-de-cucuta-decreta-medidas-ante-las-manifestaciones-sql\/#webpage","url":"http:\/\/8.243.70.68\/pagina\/alcaldia-de-cucuta-decreta-medidas-ante-las-manifestaciones-sql\/","name":"ALCALD\u00cdA DE C\u00daCUTA DECRETA MEDIDAS ANTE LAS MANIFESTACIONES PAC\u00cdFICAS PROGRAMADAS ESTE JUEVES 21 DE OCTUBRE -","isPartOf":{"@id":"http:\/\/8.243.70.68\/pagina\/#website"},"primaryImageOfPage":{"@id":"http:\/\/8.243.70.68\/pagina\/alcaldia-de-cucuta-decreta-medidas-ante-las-manifestaciones-sql\/#primaryimage"},"datePublished":"2021-10-21T02:11:09+00:00","dateModified":"2021-11-01T17:32:43+00:00","author":{"@id":"http:\/\/8.243.70.68\/pagina\/#\/schema\/person\/d4edade63cce9a82562ad8f82660f77b"},"breadcrumb":{"@id":"http:\/\/8.243.70.68\/pagina\/alcaldia-de-cucuta-decreta-medidas-ante-las-manifestaciones-sql\/#breadcrumb"},"inLanguage":"es-CO","potentialAction":[{"@type":"ReadAction","target":["http:\/\/8.243.70.68\/pagina\/alcaldia-de-cucuta-decreta-medidas-ante-las-manifestaciones-sql\/"]}]},{"@type":"BreadcrumbList","@id":"http:\/\/8.243.70.68\/pagina\/alcaldia-de-cucuta-decreta-medidas-ante-las-manifestaciones-sql\/#breadcrumb","itemListElement":[{"@type":"ListItem","position":1,"name":"Inicio","item":"http:\/\/8.243.70.68\/pagina\/"},{"@type":"ListItem","position":2,"name":"ALCALD\u00cdA DE C\u00daCUTA DECRETA MEDIDAS ANTE LAS MANIFESTACIONES PAC\u00cdFICAS PROGRAMADAS ESTE JUEVES 21 DE OCTUBRE"}]},{"@type":"Person","@id":"http:\/\/8.243.70.68\/pagina\/#\/schema\/person\/d4edade63cce9a82562ad8f82660f77b","name":"CARLOS JOSE PABLOS GUTIERREZ","image":{"@type":"ImageObject","@id":"http:\/\/8.243.70.68\/pagina\/#personlogo","inLanguage":"es-CO","url":"https:\/\/secure.gravatar.com\/avatar\/06ffe7e257ba81e46757f49c36dc54925728bca41b0c3e04a176006956b5fa5a?s=96&d=blank&r=g","contentUrl":"https:\/\/secure.gravatar.com\/avatar\/06ffe7e257ba81e46757f49c36dc54925728bca41b0c3e04a176006956b5fa5a?s=96&d=blank&r=g","caption":"CARLOS JOSE PABLOS GUTIERREZ"},"url":"http:\/\/8.243.70.68\/pagina\/author\/carlos-pablos\/"}]}},"_links":{"self":[{"href":"http:\/\/8.243.70.68\/pagina\/wp-json\/wp\/v2\/posts\/14238","targetHints":{"allow":["GET"]}}],"collection":[{"href":"http:\/\/8.243.70.68\/pagina\/wp-json\/wp\/v2\/posts"}],"about":[{"href":"http:\/\/8.243.70.68\/pagina\/wp-json\/wp\/v2\/types\/post"}],"author":[{"embeddable":true,"href":"http:\/\/8.243.70.68\/pagina\/wp-json\/wp\/v2\/users\/8"}],"replies":[{"embeddable":true,"href":"http:\/\/8.243.70.68\/pagina\/wp-json\/wp\/v2\/comments?post=14238"}],"version-history":[{"count":3,"href":"http:\/\/8.243.70.68\/pagina\/wp-json\/wp\/v2\/posts\/14238\/revisions"}],"predecessor-version":[{"id":22294,"href":"http:\/\/8.243.70.68\/pagina\/wp-json\/wp\/v2\/posts\/14238\/revisions\/22294"}],"wp:featuredmedia":[{"embeddable":true,"href":"http:\/\/8.243.70.68\/pagina\/wp-json\/wp\/v2\/media\/16473"}],"wp:attachment":[{"href":"http:\/\/8.243.70.68\/pagina\/wp-json\/wp\/v2\/media?parent=14238"}],"wp:term":[{"taxonomy":"category","embeddable":true,"href":"http:\/\/8.243.70.68\/pagina\/wp-json\/wp\/v2\/categories?post=14238"},{"taxonomy":"post_tag","embeddable":true,"href":"http:\/\/8.243.70.68\/pagina\/wp-json\/wp\/v2\/tags?post=14238"}],"curies":[{"name":"wp","href":"https:\/\/api.w.org\/{rel}","templated":true}]}}