{"id":14237,"date":"2021-10-21T05:34:33","date_gmt":"2021-10-21T10:34:33","guid":{"rendered":"http:\/\/localhost\/pagina\/?p=14237"},"modified":"2021-11-01T12:32:58","modified_gmt":"2021-11-01T17:32:58","slug":"alcaldia-de-cucuta-aclara-situacion-contractual-de-jovenes-sql","status":"publish","type":"post","link":"http:\/\/8.243.70.68\/pagina\/alcaldia-de-cucuta-aclara-situacion-contractual-de-jovenes-sql\/","title":{"rendered":"ALCALD\u00cdA DE C\u00daCUTA ACLARA SITUACI\u00d3N CONTRACTUAL DE J\u00d3VENES BENEFICIADOS DEL PROGRAMA \u201cEMPLEO JOVEN\u201d"},"content":{"rendered":"\t\t<div data-elementor-type=\"wp-post\" data-elementor-id=\"14237\" class=\"elementor elementor-14237\">\n\t\t\t\t\t\t<section class=\"elementor-section elementor-top-section elementor-element elementor-element-01beb71 elementor-section-boxed elementor-section-height-default elementor-section-height-default\" data-id=\"01beb71\" data-element_type=\"section\">\n\t\t\t\t\t\t<div class=\"elementor-container elementor-column-gap-default\">\n\t\t\t\t\t<div class=\"elementor-column elementor-col-100 elementor-top-column elementor-element elementor-element-5748acd\" data-id=\"5748acd\" data-element_type=\"column\">\n\t\t\t<div class=\"elementor-widget-wrap elementor-element-populated\">\n\t\t\t\t\t\t\t<\/div>\n\t\t<\/div>\n\t\t\t\t\t<\/div>\n\t\t<\/section>\n\t\t\t\t<section class=\"elementor-section elementor-top-section elementor-element elementor-element-8459750 elementor-section-boxed elementor-section-height-default elementor-section-height-default\" data-id=\"8459750\" data-element_type=\"section\">\n\t\t\t\t\t\t<div class=\"elementor-container elementor-column-gap-default\">\n\t\t\t\t\t<div class=\"elementor-column elementor-col-100 elementor-top-column elementor-element elementor-element-99c2f9a\" data-id=\"99c2f9a\" data-element_type=\"column\">\n\t\t\t<div class=\"elementor-widget-wrap elementor-element-populated\">\n\t\t\t\t\t\t<div class=\"elementor-element elementor-element-090e582 elementor-widget elementor-widget-text-editor\" data-id=\"090e582\" data-element_type=\"widget\" data-widget_type=\"text-editor.default\">\n\t\t\t\t<div class=\"elementor-widget-container\">\n\t\t\t\t\t\t\t<ul id=\"docs-internal-guid-bcfbf988-7fff-2ec2-1546-e947ac7fcf8f\"><li dir=\"ltr\" aria-level=\"1\"><p dir=\"ltr\" role=\"presentation\">130 j\u00f3venes fueron beneficiados del programa \u201cEmpleo Joven\u201d en la ciudad de C\u00facuta.<\/p><\/li><\/ul><ul><li dir=\"ltr\" aria-level=\"1\"><p dir=\"ltr\" role=\"presentation\">Mediante orden de pago n\u00ba 00007013 la alcald\u00eda municipal procedi\u00f3 a girar los recursos correspondientes al 40% del valor total del contrato con la Universidad Francisco de Paula Santander\u00a0<\/p><\/li><\/ul><p dir=\"ltr\">San Jos\u00e9 de C\u00facuta, Norte de Santander, 20 de octubre de 2021 (@AlcaldiaCucuta) La estrategia \u201cEmpleo Joven\u201d que hace parte del programa #AliadosXEmpleo, uno de los proyectos bandera de la alcald\u00eda de C\u00facuta que logr\u00f3 beneficiar a 130 j\u00f3venes profesionales quienes desde el segundo semestre de 2021\u00a0cuentan con la oportunidad de laborar en diferentes empresas de la ciudad.\u00a0\u00a0<\/p><p dir=\"ltr\">Sin embargo y ante la desinformaci\u00f3n que a trav\u00e9s de redes sociales se ha compartido, sobre el no pago a un n\u00famero de j\u00f3venes que hacen parte de este proyecto, la Alcald\u00eda de C\u00facuta se permite aclarar que, por medio de la Secretaria de Desarrollo Social, la Alcald\u00eda de C\u00facuta y la Universidad Francisco de Paula Santander, suscribieron el contrato interadministrativo n\u00ba 1542-2021.<\/p><p dir=\"ltr\">Contrato cuyo objeto es \u201cEl mejoramiento de aptitudes y competencias de la poblaci\u00f3n profesional egresada entre 2019 \u2013 2021 dentro del programa de mi primera experiencia profesional y la identificaci\u00f3n de las necesidades operativas de los sectores productivos de San Jos\u00e9 de C\u00facuta\u201d<\/p><p dir=\"ltr\">Esto Mediante orden de pago n\u00ba 00007013 de fecha 16 de septiembre de 2021, la alcald\u00eda municipal procedi\u00f3 a girar los recursos correspondientes al 40% del valor total del contrato, cerca 800 millones de pesos con certificado de egreso presupuestal n\u00ba 00 e07762 de fecha 17 de septiembre de 2021.<\/p><p dir=\"ltr\">Con esto se confirma que los recursos ya fueron debidamente consignados a \u00f3rdenes de la Universidad Francisco de Paula Santander, para el pago correspondiente a la ejecuci\u00f3n debida del contrato interadministrativo n\u00ba 1542-2021.\u00a0<\/p><p dir=\"ltr\">Adem\u00e1s, que los procesos administrativos que implica las cuentas de cobro de los j\u00f3venes que hacen parte del programa, son responsabilidad de la Universidad Francisco de Paula Santander y sus procesos internos.\u00a0<\/p><p dir=\"ltr\">La administraci\u00f3n municipal seguir\u00e1 apostando a la recuperaci\u00f3n del empleo en la ciudad y a la generaci\u00f3n de espacios que permitan a los j\u00f3venes profesionales poner en pr\u00e1ctica sus conocimientos y destrezas en diversas \u00e1reas laborales en la regi\u00f3n.<\/p><p>\u00a0<\/p>\t\t\t\t\t\t<\/div>\n\t\t\t\t<\/div>\n\t\t\t\t\t<\/div>\n\t\t<\/div>\n\t\t\t\t\t<\/div>\n\t\t<\/section>\n\t\t\t\t<section class=\"elementor-section elementor-top-section elementor-element elementor-element-14a88e4 elementor-section-boxed elementor-section-height-default elementor-section-height-default\" data-id=\"14a88e4\" data-element_type=\"section\">\n\t\t\t\t\t\t<div class=\"elementor-container elementor-column-gap-default\">\n\t\t\t\t\t<div class=\"elementor-column elementor-col-100 elementor-top-column elementor-element elementor-element-5543326\" data-id=\"5543326\" data-element_type=\"column\">\n\t\t\t<div class=\"elementor-widget-wrap elementor-element-populated\">\n\t\t\t\t\t\t\t<\/div>\n\t\t<\/div>\n\t\t\t\t\t<\/div>\n\t\t<\/section>\n\t\t\t\t<section class=\"elementor-section elementor-top-section elementor-element elementor-element-e8cfa56 elementor-section-boxed elementor-section-height-default elementor-section-height-default\" data-id=\"e8cfa56\" data-element_type=\"section\">\n\t\t\t\t\t\t<div class=\"elementor-container elementor-column-gap-default\">\n\t\t\t\t\t<div class=\"elementor-column elementor-col-100 elementor-top-column elementor-element elementor-element-57670b6\" data-id=\"57670b6\" data-element_type=\"column\">\n\t\t\t<div class=\"elementor-widget-wrap elementor-element-populated\">\n\t\t\t\t\t\t<div class=\"elementor-element elementor-element-ac8e862 elementor-icon-list--layout-inline elementor-list-item-link-full_width elementor-widget elementor-widget-icon-list\" data-id=\"ac8e862\" data-element_type=\"widget\" data-widget_type=\"icon-list.default\">\n\t\t\t\t<div class=\"elementor-widget-container\">\n\t\t\t\t\t<ul class=\"elementor-icon-list-items elementor-inline-items\">\n\t\t\t\t\t<\/ul>\n\t\t\t\t<\/div>\n\t\t\t\t<\/div>\n\t\t\t\t\t<\/div>\n\t\t<\/div>\n\t\t\t\t\t<\/div>\n\t\t<\/section>\n\t\t\t\t<\/div>\n\t\t","protected":false},"excerpt":{"rendered":"<p>130 j\u00f3venes fueron beneficiados del programa \u201cEmpleo Joven\u201d en la ciudad de C\u00facuta.<br \/>\nMediante orden de pago n\u00ba 00007013 la alcald\u00eda municipal procedi\u00f3 a girar los recursos correspondientes al 40% del<\/p>\n","protected":false},"author":8,"featured_media":16474,"comment_status":"closed","ping_status":"open","sticky":false,"template":"elementor_theme","format":"standard","meta":{"footnotes":""},"categories":[74],"tags":[],"class_list":["post-14237","post","type-post","status-publish","format-standard","has-post-thumbnail","hentry","category-noticias"],"yoast_head":"<!-- This site is optimized with the Yoast SEO plugin v17.5 - https:\/\/yoast.com\/wordpress\/plugins\/seo\/ -->\r\n<title>ALCALD\u00cdA DE C\u00daCUTA ACLARA SITUACI\u00d3N CONTRACTUAL DE J\u00d3VENES BENEFICIADOS DEL PROGRAMA \u201cEMPLEO JOVEN\u201d -<\/title>\r\n<meta name=\"robots\" content=\"index, follow, max-snippet:-1, max-image-preview:large, max-video-preview:-1\" \/>\r\n<link rel=\"canonical\" href=\"http:\/\/8.243.70.68\/pagina\/alcaldia-de-cucuta-aclara-situacion-contractual-de-jovenes-sql\/\" \/>\r\n<meta property=\"og:locale\" content=\"es_ES\" \/>\r\n<meta property=\"og:type\" content=\"article\" \/>\r\n<meta property=\"og:title\" content=\"ALCALD\u00cdA DE C\u00daCUTA ACLARA SITUACI\u00d3N CONTRACTUAL DE J\u00d3VENES BENEFICIADOS DEL PROGRAMA \u201cEMPLEO JOVEN\u201d -\" \/>\r\n<meta property=\"og:description\" content=\"130 j\u00f3venes fueron beneficiados del programa \u201cEmpleo Joven\u201d en la ciudad de C\u00facuta. Mediante orden de pago n\u00ba 00007013 la alcald\u00eda municipal procedi\u00f3 a girar los recursos correspondientes al 40% del\" \/>\r\n<meta property=\"og:url\" content=\"http:\/\/8.243.70.68\/pagina\/alcaldia-de-cucuta-aclara-situacion-contractual-de-jovenes-sql\/\" \/>\r\n<meta property=\"article:published_time\" content=\"2021-10-21T10:34:33+00:00\" \/>\r\n<meta property=\"article:modified_time\" content=\"2021-11-01T17:32:58+00:00\" \/>\r\n<meta property=\"og:image\" content=\"http:\/\/8.243.70.68\/pagina\/wp-content\/uploads\/2021\/10\/53311_alcaldia-de-cucuta-aclara-situacion-contractual-de-jovenes_1024x600.jpg\" \/>\r\n\t<meta property=\"og:image:width\" content=\"1024\" \/>\r\n\t<meta property=\"og:image:height\" content=\"682\" \/>\r\n<meta name=\"twitter:card\" content=\"summary_large_image\" \/>\r\n<meta name=\"twitter:label1\" content=\"Escrito por\" \/>\n\t<meta name=\"twitter:data1\" content=\"CARLOS JOSE PABLOS GUTIERREZ\" \/>\n\t<meta name=\"twitter:label2\" content=\"Tiempo estimado de lectura\" \/>\n\t<meta name=\"twitter:data2\" content=\"2 minutos\" \/>\r\n<script type=\"application\/ld+json\" class=\"yoast-schema-graph\">{\"@context\":\"https:\/\/schema.org\",\"@graph\":[{\"@type\":\"WebSite\",\"@id\":\"http:\/\/8.243.70.68\/pagina\/#website\",\"url\":\"http:\/\/8.243.70.68\/pagina\/\",\"name\":\"\",\"description\":\"\",\"potentialAction\":[{\"@type\":\"SearchAction\",\"target\":{\"@type\":\"EntryPoint\",\"urlTemplate\":\"http:\/\/8.243.70.68\/pagina\/?s={search_term_string}\"},\"query-input\":\"required name=search_term_string\"}],\"inLanguage\":\"es-CO\"},{\"@type\":\"ImageObject\",\"@id\":\"http:\/\/8.243.70.68\/pagina\/alcaldia-de-cucuta-aclara-situacion-contractual-de-jovenes-sql\/#primaryimage\",\"inLanguage\":\"es-CO\",\"url\":\"http:\/\/8.243.70.68\/pagina\/wp-content\/uploads\/2021\/10\/53311_alcaldia-de-cucuta-aclara-situacion-contractual-de-jovenes_1024x600.jpg\",\"contentUrl\":\"http:\/\/8.243.70.68\/pagina\/wp-content\/uploads\/2021\/10\/53311_alcaldia-de-cucuta-aclara-situacion-contractual-de-jovenes_1024x600.jpg\",\"width\":1024,\"height\":682},{\"@type\":\"WebPage\",\"@id\":\"http:\/\/8.243.70.68\/pagina\/alcaldia-de-cucuta-aclara-situacion-contractual-de-jovenes-sql\/#webpage\",\"url\":\"http:\/\/8.243.70.68\/pagina\/alcaldia-de-cucuta-aclara-situacion-contractual-de-jovenes-sql\/\",\"name\":\"ALCALD\\u00cdA DE C\\u00daCUTA ACLARA SITUACI\\u00d3N CONTRACTUAL DE J\\u00d3VENES BENEFICIADOS DEL PROGRAMA \\u201cEMPLEO JOVEN\\u201d -\",\"isPartOf\":{\"@id\":\"http:\/\/8.243.70.68\/pagina\/#website\"},\"primaryImageOfPage\":{\"@id\":\"http:\/\/8.243.70.68\/pagina\/alcaldia-de-cucuta-aclara-situacion-contractual-de-jovenes-sql\/#primaryimage\"},\"datePublished\":\"2021-10-21T10:34:33+00:00\",\"dateModified\":\"2021-11-01T17:32:58+00:00\",\"author\":{\"@id\":\"http:\/\/8.243.70.68\/pagina\/#\/schema\/person\/d4edade63cce9a82562ad8f82660f77b\"},\"breadcrumb\":{\"@id\":\"http:\/\/8.243.70.68\/pagina\/alcaldia-de-cucuta-aclara-situacion-contractual-de-jovenes-sql\/#breadcrumb\"},\"inLanguage\":\"es-CO\",\"potentialAction\":[{\"@type\":\"ReadAction\",\"target\":[\"http:\/\/8.243.70.68\/pagina\/alcaldia-de-cucuta-aclara-situacion-contractual-de-jovenes-sql\/\"]}]},{\"@type\":\"BreadcrumbList\",\"@id\":\"http:\/\/8.243.70.68\/pagina\/alcaldia-de-cucuta-aclara-situacion-contractual-de-jovenes-sql\/#breadcrumb\",\"itemListElement\":[{\"@type\":\"ListItem\",\"position\":1,\"name\":\"Inicio\",\"item\":\"http:\/\/8.243.70.68\/pagina\/\"},{\"@type\":\"ListItem\",\"position\":2,\"name\":\"ALCALD\\u00cdA DE C\\u00daCUTA ACLARA SITUACI\\u00d3N CONTRACTUAL DE J\\u00d3VENES BENEFICIADOS DEL PROGRAMA \\u201cEMPLEO JOVEN\\u201d\"}]},{\"@type\":\"Person\",\"@id\":\"http:\/\/8.243.70.68\/pagina\/#\/schema\/person\/d4edade63cce9a82562ad8f82660f77b\",\"name\":\"CARLOS JOSE PABLOS GUTIERREZ\",\"image\":{\"@type\":\"ImageObject\",\"@id\":\"http:\/\/8.243.70.68\/pagina\/#personlogo\",\"inLanguage\":\"es-CO\",\"url\":\"https:\/\/secure.gravatar.com\/avatar\/06ffe7e257ba81e46757f49c36dc54925728bca41b0c3e04a176006956b5fa5a?s=96&d=blank&r=g\",\"contentUrl\":\"https:\/\/secure.gravatar.com\/avatar\/06ffe7e257ba81e46757f49c36dc54925728bca41b0c3e04a176006956b5fa5a?s=96&d=blank&r=g\",\"caption\":\"CARLOS JOSE PABLOS GUTIERREZ\"},\"url\":\"http:\/\/8.243.70.68\/pagina\/author\/carlos-pablos\/\"}]}<\/script>\r\n<!-- \/ Yoast SEO plugin. -->","yoast_head_json":{"title":"ALCALD\u00cdA DE C\u00daCUTA ACLARA SITUACI\u00d3N CONTRACTUAL DE J\u00d3VENES BENEFICIADOS DEL PROGRAMA \u201cEMPLEO JOVEN\u201d -","robots":{"index":"index","follow":"follow","max-snippet":"max-snippet:-1","max-image-preview":"max-image-preview:large","max-video-preview":"max-video-preview:-1"},"canonical":"http:\/\/8.243.70.68\/pagina\/alcaldia-de-cucuta-aclara-situacion-contractual-de-jovenes-sql\/","og_locale":"es_ES","og_type":"article","og_title":"ALCALD\u00cdA DE C\u00daCUTA ACLARA SITUACI\u00d3N CONTRACTUAL DE J\u00d3VENES BENEFICIADOS DEL PROGRAMA \u201cEMPLEO JOVEN\u201d -","og_description":"130 j\u00f3venes fueron beneficiados del programa \u201cEmpleo Joven\u201d en la ciudad de C\u00facuta. Mediante orden de pago n\u00ba 00007013 la alcald\u00eda municipal procedi\u00f3 a girar los recursos correspondientes al 40% del","og_url":"http:\/\/8.243.70.68\/pagina\/alcaldia-de-cucuta-aclara-situacion-contractual-de-jovenes-sql\/","article_published_time":"2021-10-21T10:34:33+00:00","article_modified_time":"2021-11-01T17:32:58+00:00","og_image":[{"width":1024,"height":682,"url":"http:\/\/8.243.70.68\/pagina\/wp-content\/uploads\/2021\/10\/53311_alcaldia-de-cucuta-aclara-situacion-contractual-de-jovenes_1024x600.jpg","type":"image\/jpeg"}],"twitter_card":"summary_large_image","twitter_misc":{"Escrito por":"CARLOS JOSE PABLOS GUTIERREZ","Tiempo estimado de lectura":"2 minutos"},"schema":{"@context":"https:\/\/schema.org","@graph":[{"@type":"WebSite","@id":"http:\/\/8.243.70.68\/pagina\/#website","url":"http:\/\/8.243.70.68\/pagina\/","name":"","description":"","potentialAction":[{"@type":"SearchAction","target":{"@type":"EntryPoint","urlTemplate":"http:\/\/8.243.70.68\/pagina\/?s={search_term_string}"},"query-input":"required name=search_term_string"}],"inLanguage":"es-CO"},{"@type":"ImageObject","@id":"http:\/\/8.243.70.68\/pagina\/alcaldia-de-cucuta-aclara-situacion-contractual-de-jovenes-sql\/#primaryimage","inLanguage":"es-CO","url":"http:\/\/8.243.70.68\/pagina\/wp-content\/uploads\/2021\/10\/53311_alcaldia-de-cucuta-aclara-situacion-contractual-de-jovenes_1024x600.jpg","contentUrl":"http:\/\/8.243.70.68\/pagina\/wp-content\/uploads\/2021\/10\/53311_alcaldia-de-cucuta-aclara-situacion-contractual-de-jovenes_1024x600.jpg","width":1024,"height":682},{"@type":"WebPage","@id":"http:\/\/8.243.70.68\/pagina\/alcaldia-de-cucuta-aclara-situacion-contractual-de-jovenes-sql\/#webpage","url":"http:\/\/8.243.70.68\/pagina\/alcaldia-de-cucuta-aclara-situacion-contractual-de-jovenes-sql\/","name":"ALCALD\u00cdA DE C\u00daCUTA ACLARA SITUACI\u00d3N CONTRACTUAL DE J\u00d3VENES BENEFICIADOS DEL PROGRAMA \u201cEMPLEO JOVEN\u201d -","isPartOf":{"@id":"http:\/\/8.243.70.68\/pagina\/#website"},"primaryImageOfPage":{"@id":"http:\/\/8.243.70.68\/pagina\/alcaldia-de-cucuta-aclara-situacion-contractual-de-jovenes-sql\/#primaryimage"},"datePublished":"2021-10-21T10:34:33+00:00","dateModified":"2021-11-01T17:32:58+00:00","author":{"@id":"http:\/\/8.243.70.68\/pagina\/#\/schema\/person\/d4edade63cce9a82562ad8f82660f77b"},"breadcrumb":{"@id":"http:\/\/8.243.70.68\/pagina\/alcaldia-de-cucuta-aclara-situacion-contractual-de-jovenes-sql\/#breadcrumb"},"inLanguage":"es-CO","potentialAction":[{"@type":"ReadAction","target":["http:\/\/8.243.70.68\/pagina\/alcaldia-de-cucuta-aclara-situacion-contractual-de-jovenes-sql\/"]}]},{"@type":"BreadcrumbList","@id":"http:\/\/8.243.70.68\/pagina\/alcaldia-de-cucuta-aclara-situacion-contractual-de-jovenes-sql\/#breadcrumb","itemListElement":[{"@type":"ListItem","position":1,"name":"Inicio","item":"http:\/\/8.243.70.68\/pagina\/"},{"@type":"ListItem","position":2,"name":"ALCALD\u00cdA DE C\u00daCUTA ACLARA SITUACI\u00d3N CONTRACTUAL DE J\u00d3VENES BENEFICIADOS DEL PROGRAMA \u201cEMPLEO JOVEN\u201d"}]},{"@type":"Person","@id":"http:\/\/8.243.70.68\/pagina\/#\/schema\/person\/d4edade63cce9a82562ad8f82660f77b","name":"CARLOS JOSE PABLOS GUTIERREZ","image":{"@type":"ImageObject","@id":"http:\/\/8.243.70.68\/pagina\/#personlogo","inLanguage":"es-CO","url":"https:\/\/secure.gravatar.com\/avatar\/06ffe7e257ba81e46757f49c36dc54925728bca41b0c3e04a176006956b5fa5a?s=96&d=blank&r=g","contentUrl":"https:\/\/secure.gravatar.com\/avatar\/06ffe7e257ba81e46757f49c36dc54925728bca41b0c3e04a176006956b5fa5a?s=96&d=blank&r=g","caption":"CARLOS JOSE PABLOS GUTIERREZ"},"url":"http:\/\/8.243.70.68\/pagina\/author\/carlos-pablos\/"}]}},"_links":{"self":[{"href":"http:\/\/8.243.70.68\/pagina\/wp-json\/wp\/v2\/posts\/14237","targetHints":{"allow":["GET"]}}],"collection":[{"href":"http:\/\/8.243.70.68\/pagina\/wp-json\/wp\/v2\/posts"}],"about":[{"href":"http:\/\/8.243.70.68\/pagina\/wp-json\/wp\/v2\/types\/post"}],"author":[{"embeddable":true,"href":"http:\/\/8.243.70.68\/pagina\/wp-json\/wp\/v2\/users\/8"}],"replies":[{"embeddable":true,"href":"http:\/\/8.243.70.68\/pagina\/wp-json\/wp\/v2\/comments?post=14237"}],"version-history":[{"count":3,"href":"http:\/\/8.243.70.68\/pagina\/wp-json\/wp\/v2\/posts\/14237\/revisions"}],"predecessor-version":[{"id":22297,"href":"http:\/\/8.243.70.68\/pagina\/wp-json\/wp\/v2\/posts\/14237\/revisions\/22297"}],"wp:featuredmedia":[{"embeddable":true,"href":"http:\/\/8.243.70.68\/pagina\/wp-json\/wp\/v2\/media\/16474"}],"wp:attachment":[{"href":"http:\/\/8.243.70.68\/pagina\/wp-json\/wp\/v2\/media?parent=14237"}],"wp:term":[{"taxonomy":"category","embeddable":true,"href":"http:\/\/8.243.70.68\/pagina\/wp-json\/wp\/v2\/categories?post=14237"},{"taxonomy":"post_tag","embeddable":true,"href":"http:\/\/8.243.70.68\/pagina\/wp-json\/wp\/v2\/tags?post=14237"}],"curies":[{"name":"wp","href":"https:\/\/api.w.org\/{rel}","templated":true}]}}