{"id":14236,"date":"2021-10-21T09:02:39","date_gmt":"2021-10-21T14:02:39","guid":{"rendered":"http:\/\/localhost\/pagina\/?p=14236"},"modified":"2021-11-01T12:33:12","modified_gmt":"2021-11-01T17:33:12","slug":"alcaldia-de-cucuta-invita-a-recicladores-al-censo-del-sql","status":"publish","type":"post","link":"http:\/\/8.243.70.68\/pagina\/alcaldia-de-cucuta-invita-a-recicladores-al-censo-del-sql\/","title":{"rendered":"ALCALD\u00cdA DE C\u00daCUTA INVITA A RECICLADORES AL CENSO DEL 22 DE OCTUBRE"},"content":{"rendered":"\t\t<div data-elementor-type=\"wp-post\" data-elementor-id=\"14236\" class=\"elementor elementor-14236\">\n\t\t\t\t\t\t<section class=\"elementor-section elementor-top-section elementor-element elementor-element-01beb71 elementor-section-boxed elementor-section-height-default elementor-section-height-default\" data-id=\"01beb71\" data-element_type=\"section\">\n\t\t\t\t\t\t<div class=\"elementor-container elementor-column-gap-default\">\n\t\t\t\t\t<div class=\"elementor-column elementor-col-100 elementor-top-column elementor-element elementor-element-5748acd\" data-id=\"5748acd\" data-element_type=\"column\">\n\t\t\t<div class=\"elementor-widget-wrap elementor-element-populated\">\n\t\t\t\t\t\t\t<\/div>\n\t\t<\/div>\n\t\t\t\t\t<\/div>\n\t\t<\/section>\n\t\t\t\t<section class=\"elementor-section elementor-top-section elementor-element elementor-element-8459750 elementor-section-boxed elementor-section-height-default elementor-section-height-default\" data-id=\"8459750\" data-element_type=\"section\">\n\t\t\t\t\t\t<div class=\"elementor-container elementor-column-gap-default\">\n\t\t\t\t\t<div class=\"elementor-column elementor-col-100 elementor-top-column elementor-element elementor-element-99c2f9a\" data-id=\"99c2f9a\" data-element_type=\"column\">\n\t\t\t<div class=\"elementor-widget-wrap elementor-element-populated\">\n\t\t\t\t\t\t<div class=\"elementor-element elementor-element-090e582 elementor-widget elementor-widget-text-editor\" data-id=\"090e582\" data-element_type=\"widget\" data-widget_type=\"text-editor.default\">\n\t\t\t\t<div class=\"elementor-widget-container\">\n\t\t\t\t\t\t\t<ul><li>Los recicladores que sean censados pueden acceder a los programas de carnetizaci\u00f3n y capacitaciones.<\/li><li>La jornada se llevar\u00e1 a cabo el 22 de octubre en el Palacio Municipal.<\/li><li>El a\u00f1o pasado, la Subdirecci\u00f3n de Servicios P\u00fablicos logr\u00f3 censar a cerca de 850 recicladores de oficio vinculados a las asociaciones.<\/li><\/ul><p>San Jos\u00e9 de C\u00facuta, 21 de octubre 2021 (@AlcaldiaCucuta). Los recicladores de oficio vinculados a las asociaciones que hacen parte de la Mesa T\u00e9cnica de Aprovechamiento podr\u00e1n participar en la jornada \u00fanica de actualizaci\u00f3n del Censo de este gremio, que se llevar\u00e1 a cabo el pr\u00f3ximo 22 de octubre en las instalaciones del Palacio Municipal en las jornadas de 7:30 a.m. a 11:30 a.m. y de 2:00 p.m. a 5:00 p.m.<\/p><p>El alcalde de C\u00facuta, Jairo Y\u00e1\u00f1ez Rodr\u00edguez, invit\u00f3 a todos aquellos recuperadores que a\u00fan no hacen parte de este proceso a que visiten el Palacio Municipal el 22 de octubre en los horarios correspondientes e indic\u00f3 que \u201cla caracterizaci\u00f3n del gremio del reciclaje es fundamental para continuar con las acciones en pro de la dignificaci\u00f3n de esta gran labor en la ciudad\u201d.<\/p><p>Por su parte, Marcela Rodr\u00edguez Camacho, subdirectora de Gesti\u00f3n y Supervisi\u00f3n de Servicios P\u00fablicos Domiciliarios del Departamento de Planeaci\u00f3n, explic\u00f3 que esta jornada hace parte de las acciones proyectadas en las Mesas T\u00e9cnica de Aprovechamiento que la alcald\u00eda viene liderando desde el a\u00f1o pasado en la ciudad con cerca de 12 organizaciones de reciclaje de C\u00facuta.<\/p><p>\u201cLas mesas t\u00e9cnicas de aprovechamiento se vienen realizando todos los meses bajo el liderazgo de la Subdirecci\u00f3n de Gesti\u00f3n y Supervisi\u00f3n de Servicios P\u00fablicos Domiciliarios del Departamento de Planeaci\u00f3n, y en ellas se analiza la actualidad del oficio de recuperaci\u00f3n en la ciudad\u201d, precis\u00f3 Rodr\u00edguez Camacho.<\/p><p>Beneficios del censo<\/p><p>La subdirectora de Gesti\u00f3n y Supervisi\u00f3n de Servicios P\u00fablicos de Planeaci\u00f3n Municipal se\u00f1al\u00f3 que los recicladores que se incluyan en este censo ser\u00e1n incluidos en el programa de carnetizaci\u00f3n y recibir\u00e1n uniformes que los identifique como recuperadores de oficio, buscando visibilizarlos ante la ciudadan\u00eda, dignificar su labor ante la sociedad y mejorar la calidad de esta poblaci\u00f3n.<\/p><p>De igual manera, al ser parte de este censo, podr\u00e1n asistir a capacitaciones para fortalecer las competencias laborales que los lleven a desempe\u00f1ar mejor su labor. Sumado a esto, recibir\u00e1n apoyo t\u00e9cnico y asistencia en asuntos administrativos, jur\u00eddicos y financieros.<\/p><p>La subdirecci\u00f3n de Servicios P\u00fablicos de Planeaci\u00f3n Municipal y la Secretar\u00eda de Gobierno lideraron las jornadas de caracterizaci\u00f3n del a\u00f1o 2020, en las que se lograron censar a cerca de 850 recicladores de oficio en C\u00facuta.<\/p>\t\t\t\t\t\t<\/div>\n\t\t\t\t<\/div>\n\t\t\t\t\t<\/div>\n\t\t<\/div>\n\t\t\t\t\t<\/div>\n\t\t<\/section>\n\t\t\t\t<section class=\"elementor-section elementor-top-section elementor-element elementor-element-14a88e4 elementor-section-boxed elementor-section-height-default elementor-section-height-default\" data-id=\"14a88e4\" data-element_type=\"section\">\n\t\t\t\t\t\t<div class=\"elementor-container elementor-column-gap-default\">\n\t\t\t\t\t<div class=\"elementor-column elementor-col-100 elementor-top-column elementor-element elementor-element-5543326\" data-id=\"5543326\" data-element_type=\"column\">\n\t\t\t<div class=\"elementor-widget-wrap elementor-element-populated\">\n\t\t\t\t\t\t\t<\/div>\n\t\t<\/div>\n\t\t\t\t\t<\/div>\n\t\t<\/section>\n\t\t\t\t<section class=\"elementor-section elementor-top-section elementor-element elementor-element-e8cfa56 elementor-section-boxed elementor-section-height-default elementor-section-height-default\" data-id=\"e8cfa56\" data-element_type=\"section\">\n\t\t\t\t\t\t<div class=\"elementor-container elementor-column-gap-default\">\n\t\t\t\t\t<div class=\"elementor-column elementor-col-100 elementor-top-column elementor-element elementor-element-57670b6\" data-id=\"57670b6\" data-element_type=\"column\">\n\t\t\t<div class=\"elementor-widget-wrap elementor-element-populated\">\n\t\t\t\t\t\t<div class=\"elementor-element elementor-element-ac8e862 elementor-icon-list--layout-inline elementor-list-item-link-full_width elementor-widget elementor-widget-icon-list\" data-id=\"ac8e862\" data-element_type=\"widget\" data-widget_type=\"icon-list.default\">\n\t\t\t\t<div class=\"elementor-widget-container\">\n\t\t\t\t\t<ul class=\"elementor-icon-list-items elementor-inline-items\">\n\t\t\t\t\t<\/ul>\n\t\t\t\t<\/div>\n\t\t\t\t<\/div>\n\t\t\t\t\t<\/div>\n\t\t<\/div>\n\t\t\t\t\t<\/div>\n\t\t<\/section>\n\t\t\t\t<\/div>\n\t\t","protected":false},"excerpt":{"rendered":"<p>Los recicladores que sean censados pueden acceder a los programas de carnetizaci\u00f3n y capacitaciones.La jornada se llevar\u00e1 a cabo el 22 de octubre en el Palacio Municipal.El a\u00f1o pasado, la Subdirecci\u00f3n<\/p>\n","protected":false},"author":8,"featured_media":16475,"comment_status":"closed","ping_status":"open","sticky":false,"template":"elementor_theme","format":"standard","meta":{"footnotes":""},"categories":[74],"tags":[],"class_list":["post-14236","post","type-post","status-publish","format-standard","has-post-thumbnail","hentry","category-noticias"],"yoast_head":"<!-- This site is optimized with the Yoast SEO plugin v17.5 - https:\/\/yoast.com\/wordpress\/plugins\/seo\/ -->\r\n<title>ALCALD\u00cdA DE C\u00daCUTA INVITA A RECICLADORES AL CENSO DEL 22 DE OCTUBRE -<\/title>\r\n<meta name=\"robots\" content=\"index, follow, max-snippet:-1, max-image-preview:large, max-video-preview:-1\" \/>\r\n<link rel=\"canonical\" href=\"http:\/\/8.243.70.68\/pagina\/alcaldia-de-cucuta-invita-a-recicladores-al-censo-del-sql\/\" \/>\r\n<meta property=\"og:locale\" content=\"es_ES\" \/>\r\n<meta property=\"og:type\" content=\"article\" \/>\r\n<meta property=\"og:title\" content=\"ALCALD\u00cdA DE C\u00daCUTA INVITA A RECICLADORES AL CENSO DEL 22 DE OCTUBRE -\" \/>\r\n<meta property=\"og:description\" content=\"Los recicladores que sean censados pueden acceder a los programas de carnetizaci\u00f3n y capacitaciones.La jornada se llevar\u00e1 a cabo el 22 de octubre en el Palacio Municipal.El a\u00f1o pasado, la Subdirecci\u00f3n\" \/>\r\n<meta property=\"og:url\" content=\"http:\/\/8.243.70.68\/pagina\/alcaldia-de-cucuta-invita-a-recicladores-al-censo-del-sql\/\" \/>\r\n<meta property=\"article:published_time\" content=\"2021-10-21T14:02:39+00:00\" \/>\r\n<meta property=\"article:modified_time\" content=\"2021-11-01T17:33:12+00:00\" \/>\r\n<meta property=\"og:image\" content=\"http:\/\/8.243.70.68\/pagina\/wp-content\/uploads\/2021\/10\/53312_alcaldia-de-cucuta-invita-a-recicladores-al-censo-del_1024x600.jpg\" \/>\r\n\t<meta property=\"og:image:width\" content=\"1024\" \/>\r\n\t<meta property=\"og:image:height\" content=\"682\" \/>\r\n<meta name=\"twitter:card\" content=\"summary_large_image\" \/>\r\n<meta name=\"twitter:label1\" content=\"Escrito por\" \/>\n\t<meta name=\"twitter:data1\" content=\"CARLOS JOSE PABLOS GUTIERREZ\" \/>\n\t<meta name=\"twitter:label2\" content=\"Tiempo estimado de lectura\" \/>\n\t<meta name=\"twitter:data2\" content=\"2 minutos\" \/>\r\n<script type=\"application\/ld+json\" class=\"yoast-schema-graph\">{\"@context\":\"https:\/\/schema.org\",\"@graph\":[{\"@type\":\"WebSite\",\"@id\":\"http:\/\/8.243.70.68\/pagina\/#website\",\"url\":\"http:\/\/8.243.70.68\/pagina\/\",\"name\":\"\",\"description\":\"\",\"potentialAction\":[{\"@type\":\"SearchAction\",\"target\":{\"@type\":\"EntryPoint\",\"urlTemplate\":\"http:\/\/8.243.70.68\/pagina\/?s={search_term_string}\"},\"query-input\":\"required name=search_term_string\"}],\"inLanguage\":\"es-CO\"},{\"@type\":\"ImageObject\",\"@id\":\"http:\/\/8.243.70.68\/pagina\/alcaldia-de-cucuta-invita-a-recicladores-al-censo-del-sql\/#primaryimage\",\"inLanguage\":\"es-CO\",\"url\":\"http:\/\/8.243.70.68\/pagina\/wp-content\/uploads\/2021\/10\/53312_alcaldia-de-cucuta-invita-a-recicladores-al-censo-del_1024x600.jpg\",\"contentUrl\":\"http:\/\/8.243.70.68\/pagina\/wp-content\/uploads\/2021\/10\/53312_alcaldia-de-cucuta-invita-a-recicladores-al-censo-del_1024x600.jpg\",\"width\":1024,\"height\":682},{\"@type\":\"WebPage\",\"@id\":\"http:\/\/8.243.70.68\/pagina\/alcaldia-de-cucuta-invita-a-recicladores-al-censo-del-sql\/#webpage\",\"url\":\"http:\/\/8.243.70.68\/pagina\/alcaldia-de-cucuta-invita-a-recicladores-al-censo-del-sql\/\",\"name\":\"ALCALD\\u00cdA DE C\\u00daCUTA INVITA A RECICLADORES AL CENSO DEL 22 DE OCTUBRE -\",\"isPartOf\":{\"@id\":\"http:\/\/8.243.70.68\/pagina\/#website\"},\"primaryImageOfPage\":{\"@id\":\"http:\/\/8.243.70.68\/pagina\/alcaldia-de-cucuta-invita-a-recicladores-al-censo-del-sql\/#primaryimage\"},\"datePublished\":\"2021-10-21T14:02:39+00:00\",\"dateModified\":\"2021-11-01T17:33:12+00:00\",\"author\":{\"@id\":\"http:\/\/8.243.70.68\/pagina\/#\/schema\/person\/d4edade63cce9a82562ad8f82660f77b\"},\"breadcrumb\":{\"@id\":\"http:\/\/8.243.70.68\/pagina\/alcaldia-de-cucuta-invita-a-recicladores-al-censo-del-sql\/#breadcrumb\"},\"inLanguage\":\"es-CO\",\"potentialAction\":[{\"@type\":\"ReadAction\",\"target\":[\"http:\/\/8.243.70.68\/pagina\/alcaldia-de-cucuta-invita-a-recicladores-al-censo-del-sql\/\"]}]},{\"@type\":\"BreadcrumbList\",\"@id\":\"http:\/\/8.243.70.68\/pagina\/alcaldia-de-cucuta-invita-a-recicladores-al-censo-del-sql\/#breadcrumb\",\"itemListElement\":[{\"@type\":\"ListItem\",\"position\":1,\"name\":\"Inicio\",\"item\":\"http:\/\/8.243.70.68\/pagina\/\"},{\"@type\":\"ListItem\",\"position\":2,\"name\":\"ALCALD\\u00cdA DE C\\u00daCUTA INVITA A RECICLADORES AL CENSO DEL 22 DE OCTUBRE\"}]},{\"@type\":\"Person\",\"@id\":\"http:\/\/8.243.70.68\/pagina\/#\/schema\/person\/d4edade63cce9a82562ad8f82660f77b\",\"name\":\"CARLOS JOSE PABLOS GUTIERREZ\",\"image\":{\"@type\":\"ImageObject\",\"@id\":\"http:\/\/8.243.70.68\/pagina\/#personlogo\",\"inLanguage\":\"es-CO\",\"url\":\"https:\/\/secure.gravatar.com\/avatar\/06ffe7e257ba81e46757f49c36dc54925728bca41b0c3e04a176006956b5fa5a?s=96&d=blank&r=g\",\"contentUrl\":\"https:\/\/secure.gravatar.com\/avatar\/06ffe7e257ba81e46757f49c36dc54925728bca41b0c3e04a176006956b5fa5a?s=96&d=blank&r=g\",\"caption\":\"CARLOS JOSE PABLOS GUTIERREZ\"},\"url\":\"http:\/\/8.243.70.68\/pagina\/author\/carlos-pablos\/\"}]}<\/script>\r\n<!-- \/ Yoast SEO plugin. -->","yoast_head_json":{"title":"ALCALD\u00cdA DE C\u00daCUTA INVITA A RECICLADORES AL CENSO DEL 22 DE OCTUBRE -","robots":{"index":"index","follow":"follow","max-snippet":"max-snippet:-1","max-image-preview":"max-image-preview:large","max-video-preview":"max-video-preview:-1"},"canonical":"http:\/\/8.243.70.68\/pagina\/alcaldia-de-cucuta-invita-a-recicladores-al-censo-del-sql\/","og_locale":"es_ES","og_type":"article","og_title":"ALCALD\u00cdA DE C\u00daCUTA INVITA A RECICLADORES AL CENSO DEL 22 DE OCTUBRE -","og_description":"Los recicladores que sean censados pueden acceder a los programas de carnetizaci\u00f3n y capacitaciones.La jornada se llevar\u00e1 a cabo el 22 de octubre en el Palacio Municipal.El a\u00f1o pasado, la Subdirecci\u00f3n","og_url":"http:\/\/8.243.70.68\/pagina\/alcaldia-de-cucuta-invita-a-recicladores-al-censo-del-sql\/","article_published_time":"2021-10-21T14:02:39+00:00","article_modified_time":"2021-11-01T17:33:12+00:00","og_image":[{"width":1024,"height":682,"url":"http:\/\/8.243.70.68\/pagina\/wp-content\/uploads\/2021\/10\/53312_alcaldia-de-cucuta-invita-a-recicladores-al-censo-del_1024x600.jpg","type":"image\/jpeg"}],"twitter_card":"summary_large_image","twitter_misc":{"Escrito por":"CARLOS JOSE PABLOS GUTIERREZ","Tiempo estimado de lectura":"2 minutos"},"schema":{"@context":"https:\/\/schema.org","@graph":[{"@type":"WebSite","@id":"http:\/\/8.243.70.68\/pagina\/#website","url":"http:\/\/8.243.70.68\/pagina\/","name":"","description":"","potentialAction":[{"@type":"SearchAction","target":{"@type":"EntryPoint","urlTemplate":"http:\/\/8.243.70.68\/pagina\/?s={search_term_string}"},"query-input":"required name=search_term_string"}],"inLanguage":"es-CO"},{"@type":"ImageObject","@id":"http:\/\/8.243.70.68\/pagina\/alcaldia-de-cucuta-invita-a-recicladores-al-censo-del-sql\/#primaryimage","inLanguage":"es-CO","url":"http:\/\/8.243.70.68\/pagina\/wp-content\/uploads\/2021\/10\/53312_alcaldia-de-cucuta-invita-a-recicladores-al-censo-del_1024x600.jpg","contentUrl":"http:\/\/8.243.70.68\/pagina\/wp-content\/uploads\/2021\/10\/53312_alcaldia-de-cucuta-invita-a-recicladores-al-censo-del_1024x600.jpg","width":1024,"height":682},{"@type":"WebPage","@id":"http:\/\/8.243.70.68\/pagina\/alcaldia-de-cucuta-invita-a-recicladores-al-censo-del-sql\/#webpage","url":"http:\/\/8.243.70.68\/pagina\/alcaldia-de-cucuta-invita-a-recicladores-al-censo-del-sql\/","name":"ALCALD\u00cdA DE C\u00daCUTA INVITA A RECICLADORES AL CENSO DEL 22 DE OCTUBRE -","isPartOf":{"@id":"http:\/\/8.243.70.68\/pagina\/#website"},"primaryImageOfPage":{"@id":"http:\/\/8.243.70.68\/pagina\/alcaldia-de-cucuta-invita-a-recicladores-al-censo-del-sql\/#primaryimage"},"datePublished":"2021-10-21T14:02:39+00:00","dateModified":"2021-11-01T17:33:12+00:00","author":{"@id":"http:\/\/8.243.70.68\/pagina\/#\/schema\/person\/d4edade63cce9a82562ad8f82660f77b"},"breadcrumb":{"@id":"http:\/\/8.243.70.68\/pagina\/alcaldia-de-cucuta-invita-a-recicladores-al-censo-del-sql\/#breadcrumb"},"inLanguage":"es-CO","potentialAction":[{"@type":"ReadAction","target":["http:\/\/8.243.70.68\/pagina\/alcaldia-de-cucuta-invita-a-recicladores-al-censo-del-sql\/"]}]},{"@type":"BreadcrumbList","@id":"http:\/\/8.243.70.68\/pagina\/alcaldia-de-cucuta-invita-a-recicladores-al-censo-del-sql\/#breadcrumb","itemListElement":[{"@type":"ListItem","position":1,"name":"Inicio","item":"http:\/\/8.243.70.68\/pagina\/"},{"@type":"ListItem","position":2,"name":"ALCALD\u00cdA DE C\u00daCUTA INVITA A RECICLADORES AL CENSO DEL 22 DE OCTUBRE"}]},{"@type":"Person","@id":"http:\/\/8.243.70.68\/pagina\/#\/schema\/person\/d4edade63cce9a82562ad8f82660f77b","name":"CARLOS JOSE PABLOS GUTIERREZ","image":{"@type":"ImageObject","@id":"http:\/\/8.243.70.68\/pagina\/#personlogo","inLanguage":"es-CO","url":"https:\/\/secure.gravatar.com\/avatar\/06ffe7e257ba81e46757f49c36dc54925728bca41b0c3e04a176006956b5fa5a?s=96&d=blank&r=g","contentUrl":"https:\/\/secure.gravatar.com\/avatar\/06ffe7e257ba81e46757f49c36dc54925728bca41b0c3e04a176006956b5fa5a?s=96&d=blank&r=g","caption":"CARLOS JOSE PABLOS GUTIERREZ"},"url":"http:\/\/8.243.70.68\/pagina\/author\/carlos-pablos\/"}]}},"_links":{"self":[{"href":"http:\/\/8.243.70.68\/pagina\/wp-json\/wp\/v2\/posts\/14236","targetHints":{"allow":["GET"]}}],"collection":[{"href":"http:\/\/8.243.70.68\/pagina\/wp-json\/wp\/v2\/posts"}],"about":[{"href":"http:\/\/8.243.70.68\/pagina\/wp-json\/wp\/v2\/types\/post"}],"author":[{"embeddable":true,"href":"http:\/\/8.243.70.68\/pagina\/wp-json\/wp\/v2\/users\/8"}],"replies":[{"embeddable":true,"href":"http:\/\/8.243.70.68\/pagina\/wp-json\/wp\/v2\/comments?post=14236"}],"version-history":[{"count":3,"href":"http:\/\/8.243.70.68\/pagina\/wp-json\/wp\/v2\/posts\/14236\/revisions"}],"predecessor-version":[{"id":22299,"href":"http:\/\/8.243.70.68\/pagina\/wp-json\/wp\/v2\/posts\/14236\/revisions\/22299"}],"wp:featuredmedia":[{"embeddable":true,"href":"http:\/\/8.243.70.68\/pagina\/wp-json\/wp\/v2\/media\/16475"}],"wp:attachment":[{"href":"http:\/\/8.243.70.68\/pagina\/wp-json\/wp\/v2\/media?parent=14236"}],"wp:term":[{"taxonomy":"category","embeddable":true,"href":"http:\/\/8.243.70.68\/pagina\/wp-json\/wp\/v2\/categories?post=14236"},{"taxonomy":"post_tag","embeddable":true,"href":"http:\/\/8.243.70.68\/pagina\/wp-json\/wp\/v2\/tags?post=14236"}],"curies":[{"name":"wp","href":"https:\/\/api.w.org\/{rel}","templated":true}]}}