{"id":14235,"date":"2021-10-21T14:29:24","date_gmt":"2021-10-21T19:29:24","guid":{"rendered":"http:\/\/localhost\/pagina\/?p=14235"},"modified":"2021-11-01T12:33:35","modified_gmt":"2021-11-01T17:33:35","slug":"dia-sin-iva-reactivara-la-economia-local-en-la-ciudad-sql","status":"publish","type":"post","link":"http:\/\/8.243.70.68\/pagina\/dia-sin-iva-reactivara-la-economia-local-en-la-ciudad-sql\/","title":{"rendered":"\u201cD\u00cdA SIN IVA REACTIVAR\u00c1 LA ECONOM\u00cdA LOCAL EN LA CIUDAD\u201d JAIRO Y\u00c1\u00d1EZ"},"content":{"rendered":"\t\t<div data-elementor-type=\"wp-post\" data-elementor-id=\"14235\" class=\"elementor elementor-14235\">\n\t\t\t\t\t\t<section class=\"elementor-section elementor-top-section elementor-element elementor-element-01beb71 elementor-section-boxed elementor-section-height-default elementor-section-height-default\" data-id=\"01beb71\" data-element_type=\"section\">\n\t\t\t\t\t\t<div class=\"elementor-container elementor-column-gap-default\">\n\t\t\t\t\t<div class=\"elementor-column elementor-col-100 elementor-top-column elementor-element elementor-element-5748acd\" data-id=\"5748acd\" data-element_type=\"column\">\n\t\t\t<div class=\"elementor-widget-wrap elementor-element-populated\">\n\t\t\t\t\t\t<div class=\"elementor-element elementor-element-ea8ce37 elementor-arrows-position-inside elementor-pagination-position-outside elementor-widget elementor-widget-image-carousel\" data-id=\"ea8ce37\" data-element_type=\"widget\" data-settings=\"{&quot;slides_to_show&quot;:&quot;1&quot;,&quot;navigation&quot;:&quot;both&quot;,&quot;autoplay&quot;:&quot;yes&quot;,&quot;pause_on_hover&quot;:&quot;yes&quot;,&quot;pause_on_interaction&quot;:&quot;yes&quot;,&quot;autoplay_speed&quot;:5000,&quot;infinite&quot;:&quot;yes&quot;,&quot;effect&quot;:&quot;slide&quot;,&quot;speed&quot;:500}\" data-widget_type=\"image-carousel.default\">\n\t\t\t\t<div class=\"elementor-widget-container\">\n\t\t\t\t\t<div class=\"elementor-image-carousel-wrapper swiper\" dir=\"ltr\">\n\t\t\t<div class=\"elementor-image-carousel swiper-wrapper\" aria-live=\"off\">\n\t\t\t\t\t\t\t\t<div class=\"swiper-slide\" role=\"group\" aria-roledescription=\"slide\" aria-label=\"1 of 2\"><figure class=\"swiper-slide-inner\"><img decoding=\"async\" class=\"swiper-slide-image\" src=\"\/pagina\/wp-content\/uploads\/2021\/10\/53314_whatsapp-image-20211021-at-22754-pm-1_1024x600.jpeg\" alt=\"\" \/><\/figure><\/div><div class=\"swiper-slide\" role=\"group\" aria-roledescription=\"slide\" aria-label=\"2 of 2\"><figure class=\"swiper-slide-inner\"><img decoding=\"async\" class=\"swiper-slide-image\" src=\"\/pagina\/wp-content\/uploads\/2021\/10\/53315_whatsapp-image-20211021-at-22755-pm_1024x600.jpeg\" alt=\"\" \/><\/figure><\/div>\t\t\t<\/div>\n\t\t\t\t\t\t\t\t\t\t\t\t<div class=\"elementor-swiper-button elementor-swiper-button-prev\" role=\"button\" tabindex=\"0\">\n\t\t\t\t\t\t<i aria-hidden=\"true\" class=\"eicon-chevron-left\"><\/i>\t\t\t\t\t<\/div>\n\t\t\t\t\t<div class=\"elementor-swiper-button elementor-swiper-button-next\" role=\"button\" tabindex=\"0\">\n\t\t\t\t\t\t<i aria-hidden=\"true\" class=\"eicon-chevron-right\"><\/i>\t\t\t\t\t<\/div>\n\t\t\t\t\n\t\t\t\t\t\t\t\t\t<div class=\"swiper-pagination\"><\/div>\n\t\t\t\t\t\t\t\t\t<\/div>\n\t\t\t\t<\/div>\n\t\t\t\t<\/div>\n\t\t\t\t\t<\/div>\n\t\t<\/div>\n\t\t\t\t\t<\/div>\n\t\t<\/section>\n\t\t\t\t<section class=\"elementor-section elementor-top-section elementor-element elementor-element-8459750 elementor-section-boxed elementor-section-height-default elementor-section-height-default\" data-id=\"8459750\" data-element_type=\"section\">\n\t\t\t\t\t\t<div class=\"elementor-container elementor-column-gap-default\">\n\t\t\t\t\t<div class=\"elementor-column elementor-col-100 elementor-top-column elementor-element elementor-element-99c2f9a\" data-id=\"99c2f9a\" data-element_type=\"column\">\n\t\t\t<div class=\"elementor-widget-wrap elementor-element-populated\">\n\t\t\t\t\t\t<div class=\"elementor-element elementor-element-090e582 elementor-widget elementor-widget-text-editor\" data-id=\"090e582\" data-element_type=\"widget\" data-widget_type=\"text-editor.default\">\n\t\t\t\t<div class=\"elementor-widget-container\">\n\t\t\t\t\t\t\t<ul><li>La primera jornada de d\u00eda sin IVA se desarrollar\u00e1 el pr\u00f3ximo jueves 28 de octubre en la ciudad.<\/li><li>Acopi, Fenalco, C\u00e1mara de Comercio y La Gobernaci\u00f3n de Norte de Santander se unen a la Alcald\u00eda de C\u00facuta en pro de la reactivaci\u00f3n econ\u00f3mica en estas jornadas de d\u00eda sin IVA. \u00a0<\/li><li>\u201cEsta alianza atiende tres frentes, la salud, la seguridad y la movilidad, que finalmente nos permitir\u00e1 garantizar a los cucute\u00f1os, un espacio para reactivar la econom\u00eda con todas las medidas necesarias\u201d, expres\u00f3 el alcalde de C\u00facuta, Jairo Tom\u00e1s Y\u00e1\u00f1ez Rodr\u00edguez. \u00a0<\/li><\/ul><p>San Jos\u00e9 de C\u00facuta, Norte de Santander, 21 de octubre de 2021 (@AlcaldiaCucuta) La alcald\u00eda de C\u00facuta en el marco del proceso de reactivaci\u00f3n econ\u00f3mica promueve junto a los empresarios y gremios de la regi\u00f3n una participaci\u00f3n responsable y biosegura en la jornada del d\u00eda sin IVA que se desarrollar\u00e1 los d\u00edas 28 de octubre, 19 de noviembre y 3 de diciembre en la ciudad. \u00a0<\/p><p>El alcalde de C\u00facuta el ingeniero Jairo Tom\u00e1s Y\u00e1\u00f1ez Rodr\u00edguez ha indicado que esta es una buena oportunidad para reactivar las econom\u00edas locales ad portas de la temporada de fin de a\u00f1o, donde la administraci\u00f3n municipal desde ya adelanta una serie de acciones para afrontar este importante periodo.<\/p><p>\u201cDesde la alcald\u00eda se tienen una serie de estrategias para adelantar junto a los gremios con el fin de fortalecer la reactivaci\u00f3n econ\u00f3mica convocando al comercio formal para estimular a peque\u00f1os y medianos comerciantes en este ambiente de reactivaci\u00f3n; hacer menci\u00f3n tambi\u00e9n al trabajo mancomunado con la visi\u00f3n integral de construcci\u00f3n de ciudad, que tienen que estar de la mano con los protocolos de bioseguridad\u201d; expres\u00f3 el alcalde de C\u00facuta.<\/p><p>Los gremios econ\u00f3micos en la regi\u00f3n han resaltado esta iniciativa del gobierno nacional que servir\u00e1 para fomentar el consumo local en pro de reactivar las econom\u00edas regionales.\u00a0<\/p><p>\u201cEs importante impulsar este tipo de iniciativas que buscan la reactivaci\u00f3n, seguimos trabajando en la recuperaci\u00f3n del empleo, del tejido empresarial y ahora con este mecanismo que nos ha facilitado el gobierno con el d\u00eda sin IVA, desde la regi\u00f3n queremos promover estos espacios para fomentar el consumo local y los servicios regionales\u201d, dijo Armando Pe\u00f1a director ejecutivo de la C\u00e1mara de Comercio de C\u00facuta. \u00a0<\/p><p>Para este 28 de octubre el comercio en la ciudad ha dispuesto de una serie de acciones para incentivar las compras promoviendo as\u00ed el estricto cumplimiento de los protocolos de bioseguridad, as\u00ed como la promoci\u00f3n y participaci\u00f3n en la estrategia de detecci\u00f3n y vacunaci\u00f3n contra la Covid-19.<\/p><p>Las autoridades han indicado que se estar\u00e1 liderando por parte de la Polic\u00eda Metropolitana de C\u00facuta del \u2018plan San Jos\u00e9\u2019, con el fin de garantizar la seguridad de los compradores que participen en esta fecha comercial; As\u00ed como la vinculaci\u00f3n del gremio de Asocambios y parqueaderos para establecer tarifas \u00fanicas y horarios de cierre.<\/p><p>El secretario de Desarrollo Social Sergio Maldonado Huertas resalt\u00f3 los tres ejes fundamentales en los cuales la administraci\u00f3n municipal se est\u00e1 preparando de cara a estas jornadas especiales. \u201cHemos definido tres estrategias, la primera en alistamiento en prevenci\u00f3n y salud, durante toda esta semana hemos desde la Alcald\u00eda liderado campa\u00f1as de muestras y vacunaci\u00f3n gratuita, la segunda un plan de seguridad para garantizar la protecci\u00f3n de los compradores y en tercer lugar las instituciones con su personal en calle acompa\u00f1ando al comercio.\u201d<\/p><p>Por su parte, los gremios econ\u00f3micos han se\u00f1alado que las grandes superficies tendr\u00e1n atenci\u00f3n al p\u00fablico durante 24 horas con el fin de mitigar aglomeraciones y dem\u00e1s. Gladys Navarro directora de Fenalco C\u00facuta afirm\u00f3 que \u201cla meta es tener ventas por encima del 30% en comparaci\u00f3n con el a\u00f1o anterior, lo cual representa ventas superiores a los 5 mil millones de pesos\u201d.\u00a0<\/p><p>Se ha establecido que los art\u00edculos que se podr\u00e1n adquirir por parte de los compradores sin el impuesto son: vestuarios, electrodom\u00e9sticos, computadores y equipos de comunicaciones, \u00fatiles escolares, bienes e insumos para el sector agropecuario, elementos deportivos entre otros.<\/p><p>Finalmente, los consumidores que presenten alguna reclamaci\u00f3n o inconveniente en sus compras, pueden acudir a la Superintendencia de Industria y Comercio.<\/p>\t\t\t\t\t\t<\/div>\n\t\t\t\t<\/div>\n\t\t\t\t\t<\/div>\n\t\t<\/div>\n\t\t\t\t\t<\/div>\n\t\t<\/section>\n\t\t\t\t<section class=\"elementor-section elementor-top-section elementor-element elementor-element-14a88e4 elementor-section-boxed elementor-section-height-default elementor-section-height-default\" data-id=\"14a88e4\" data-element_type=\"section\">\n\t\t\t\t\t\t<div class=\"elementor-container elementor-column-gap-default\">\n\t\t\t\t\t<div class=\"elementor-column elementor-col-100 elementor-top-column elementor-element elementor-element-5543326\" data-id=\"5543326\" data-element_type=\"column\">\n\t\t\t<div class=\"elementor-widget-wrap elementor-element-populated\">\n\t\t\t\t\t\t\t<\/div>\n\t\t<\/div>\n\t\t\t\t\t<\/div>\n\t\t<\/section>\n\t\t\t\t<section class=\"elementor-section elementor-top-section elementor-element elementor-element-e8cfa56 elementor-section-boxed elementor-section-height-default elementor-section-height-default\" data-id=\"e8cfa56\" data-element_type=\"section\">\n\t\t\t\t\t\t<div class=\"elementor-container elementor-column-gap-default\">\n\t\t\t\t\t<div class=\"elementor-column elementor-col-100 elementor-top-column elementor-element elementor-element-57670b6\" data-id=\"57670b6\" data-element_type=\"column\">\n\t\t\t<div class=\"elementor-widget-wrap elementor-element-populated\">\n\t\t\t\t\t\t<div class=\"elementor-element elementor-element-ac8e862 elementor-icon-list--layout-inline elementor-list-item-link-full_width elementor-widget elementor-widget-icon-list\" data-id=\"ac8e862\" data-element_type=\"widget\" data-widget_type=\"icon-list.default\">\n\t\t\t\t<div class=\"elementor-widget-container\">\n\t\t\t\t\t<ul class=\"elementor-icon-list-items elementor-inline-items\">\n\t\t\t\t\t<\/ul>\n\t\t\t\t<\/div>\n\t\t\t\t<\/div>\n\t\t\t\t\t<\/div>\n\t\t<\/div>\n\t\t\t\t\t<\/div>\n\t\t<\/section>\n\t\t\t\t<\/div>\n\t\t","protected":false},"excerpt":{"rendered":"<p>La primera jornada de d\u00eda sin IVA se desarrollar\u00e1 el pr\u00f3ximo jueves 28 de octubre en la ciudad.Acopi, Fenalco, C\u00e1mara de Comercio y La Gobernaci\u00f3n de Norte de Santander se unen a la Alcald\u00eda de C\u00facuta<\/p>\n","protected":false},"author":8,"featured_media":16476,"comment_status":"closed","ping_status":"open","sticky":false,"template":"elementor_theme","format":"standard","meta":{"footnotes":""},"categories":[74],"tags":[],"class_list":["post-14235","post","type-post","status-publish","format-standard","has-post-thumbnail","hentry","category-noticias"],"yoast_head":"<!-- This site is optimized with the Yoast SEO plugin v17.5 - https:\/\/yoast.com\/wordpress\/plugins\/seo\/ -->\r\n<title>\u201cD\u00cdA SIN IVA REACTIVAR\u00c1 LA ECONOM\u00cdA LOCAL EN LA CIUDAD\u201d JAIRO Y\u00c1\u00d1EZ -<\/title>\r\n<meta name=\"robots\" content=\"index, follow, max-snippet:-1, max-image-preview:large, max-video-preview:-1\" \/>\r\n<link rel=\"canonical\" href=\"http:\/\/8.243.70.68\/pagina\/dia-sin-iva-reactivara-la-economia-local-en-la-ciudad-sql\/\" \/>\r\n<meta property=\"og:locale\" content=\"es_ES\" \/>\r\n<meta property=\"og:type\" content=\"article\" \/>\r\n<meta property=\"og:title\" content=\"\u201cD\u00cdA SIN IVA REACTIVAR\u00c1 LA ECONOM\u00cdA LOCAL EN LA CIUDAD\u201d JAIRO Y\u00c1\u00d1EZ -\" \/>\r\n<meta property=\"og:description\" content=\"La primera jornada de d\u00eda sin IVA se desarrollar\u00e1 el pr\u00f3ximo jueves 28 de octubre en la ciudad.Acopi, Fenalco, C\u00e1mara de Comercio y La Gobernaci\u00f3n de Norte de Santander se unen a la Alcald\u00eda de C\u00facuta\" \/>\r\n<meta property=\"og:url\" content=\"http:\/\/8.243.70.68\/pagina\/dia-sin-iva-reactivara-la-economia-local-en-la-ciudad-sql\/\" \/>\r\n<meta property=\"article:published_time\" content=\"2021-10-21T19:29:24+00:00\" \/>\r\n<meta property=\"article:modified_time\" content=\"2021-11-01T17:33:35+00:00\" \/>\r\n<meta property=\"og:image\" content=\"http:\/\/8.243.70.68\/pagina\/wp-content\/uploads\/2021\/10\/53313_dia-sin-iva-reactivara-la-economia-local-en-la-ciudad_1024x600.jpeg\" \/>\r\n\t<meta property=\"og:image:width\" content=\"1024\" \/>\r\n\t<meta property=\"og:image:height\" content=\"682\" \/>\r\n<meta name=\"twitter:card\" content=\"summary_large_image\" \/>\r\n<meta name=\"twitter:label1\" content=\"Escrito por\" \/>\n\t<meta name=\"twitter:data1\" content=\"CARLOS JOSE PABLOS GUTIERREZ\" \/>\n\t<meta name=\"twitter:label2\" content=\"Tiempo estimado de lectura\" \/>\n\t<meta name=\"twitter:data2\" content=\"4 minutos\" \/>\r\n<script type=\"application\/ld+json\" class=\"yoast-schema-graph\">{\"@context\":\"https:\/\/schema.org\",\"@graph\":[{\"@type\":\"WebSite\",\"@id\":\"http:\/\/8.243.70.68\/pagina\/#website\",\"url\":\"http:\/\/8.243.70.68\/pagina\/\",\"name\":\"\",\"description\":\"\",\"potentialAction\":[{\"@type\":\"SearchAction\",\"target\":{\"@type\":\"EntryPoint\",\"urlTemplate\":\"http:\/\/8.243.70.68\/pagina\/?s={search_term_string}\"},\"query-input\":\"required name=search_term_string\"}],\"inLanguage\":\"es-CO\"},{\"@type\":\"ImageObject\",\"@id\":\"http:\/\/8.243.70.68\/pagina\/dia-sin-iva-reactivara-la-economia-local-en-la-ciudad-sql\/#primaryimage\",\"inLanguage\":\"es-CO\",\"url\":\"http:\/\/8.243.70.68\/pagina\/wp-content\/uploads\/2021\/10\/53313_dia-sin-iva-reactivara-la-economia-local-en-la-ciudad_1024x600.jpeg\",\"contentUrl\":\"http:\/\/8.243.70.68\/pagina\/wp-content\/uploads\/2021\/10\/53313_dia-sin-iva-reactivara-la-economia-local-en-la-ciudad_1024x600.jpeg\",\"width\":1024,\"height\":682},{\"@type\":\"WebPage\",\"@id\":\"http:\/\/8.243.70.68\/pagina\/dia-sin-iva-reactivara-la-economia-local-en-la-ciudad-sql\/#webpage\",\"url\":\"http:\/\/8.243.70.68\/pagina\/dia-sin-iva-reactivara-la-economia-local-en-la-ciudad-sql\/\",\"name\":\"\\u201cD\\u00cdA SIN IVA REACTIVAR\\u00c1 LA ECONOM\\u00cdA LOCAL EN LA CIUDAD\\u201d JAIRO Y\\u00c1\\u00d1EZ -\",\"isPartOf\":{\"@id\":\"http:\/\/8.243.70.68\/pagina\/#website\"},\"primaryImageOfPage\":{\"@id\":\"http:\/\/8.243.70.68\/pagina\/dia-sin-iva-reactivara-la-economia-local-en-la-ciudad-sql\/#primaryimage\"},\"datePublished\":\"2021-10-21T19:29:24+00:00\",\"dateModified\":\"2021-11-01T17:33:35+00:00\",\"author\":{\"@id\":\"http:\/\/8.243.70.68\/pagina\/#\/schema\/person\/d4edade63cce9a82562ad8f82660f77b\"},\"breadcrumb\":{\"@id\":\"http:\/\/8.243.70.68\/pagina\/dia-sin-iva-reactivara-la-economia-local-en-la-ciudad-sql\/#breadcrumb\"},\"inLanguage\":\"es-CO\",\"potentialAction\":[{\"@type\":\"ReadAction\",\"target\":[\"http:\/\/8.243.70.68\/pagina\/dia-sin-iva-reactivara-la-economia-local-en-la-ciudad-sql\/\"]}]},{\"@type\":\"BreadcrumbList\",\"@id\":\"http:\/\/8.243.70.68\/pagina\/dia-sin-iva-reactivara-la-economia-local-en-la-ciudad-sql\/#breadcrumb\",\"itemListElement\":[{\"@type\":\"ListItem\",\"position\":1,\"name\":\"Inicio\",\"item\":\"http:\/\/8.243.70.68\/pagina\/\"},{\"@type\":\"ListItem\",\"position\":2,\"name\":\"\\u201cD\\u00cdA SIN IVA REACTIVAR\\u00c1 LA ECONOM\\u00cdA LOCAL EN LA CIUDAD\\u201d JAIRO Y\\u00c1\\u00d1EZ\"}]},{\"@type\":\"Person\",\"@id\":\"http:\/\/8.243.70.68\/pagina\/#\/schema\/person\/d4edade63cce9a82562ad8f82660f77b\",\"name\":\"CARLOS JOSE PABLOS GUTIERREZ\",\"image\":{\"@type\":\"ImageObject\",\"@id\":\"http:\/\/8.243.70.68\/pagina\/#personlogo\",\"inLanguage\":\"es-CO\",\"url\":\"https:\/\/secure.gravatar.com\/avatar\/06ffe7e257ba81e46757f49c36dc54925728bca41b0c3e04a176006956b5fa5a?s=96&d=blank&r=g\",\"contentUrl\":\"https:\/\/secure.gravatar.com\/avatar\/06ffe7e257ba81e46757f49c36dc54925728bca41b0c3e04a176006956b5fa5a?s=96&d=blank&r=g\",\"caption\":\"CARLOS JOSE PABLOS GUTIERREZ\"},\"url\":\"http:\/\/8.243.70.68\/pagina\/author\/carlos-pablos\/\"}]}<\/script>\r\n<!-- \/ Yoast SEO plugin. -->","yoast_head_json":{"title":"\u201cD\u00cdA SIN IVA REACTIVAR\u00c1 LA ECONOM\u00cdA LOCAL EN LA CIUDAD\u201d JAIRO Y\u00c1\u00d1EZ -","robots":{"index":"index","follow":"follow","max-snippet":"max-snippet:-1","max-image-preview":"max-image-preview:large","max-video-preview":"max-video-preview:-1"},"canonical":"http:\/\/8.243.70.68\/pagina\/dia-sin-iva-reactivara-la-economia-local-en-la-ciudad-sql\/","og_locale":"es_ES","og_type":"article","og_title":"\u201cD\u00cdA SIN IVA REACTIVAR\u00c1 LA ECONOM\u00cdA LOCAL EN LA CIUDAD\u201d JAIRO Y\u00c1\u00d1EZ -","og_description":"La primera jornada de d\u00eda sin IVA se desarrollar\u00e1 el pr\u00f3ximo jueves 28 de octubre en la ciudad.Acopi, Fenalco, C\u00e1mara de Comercio y La Gobernaci\u00f3n de Norte de Santander se unen a la Alcald\u00eda de C\u00facuta","og_url":"http:\/\/8.243.70.68\/pagina\/dia-sin-iva-reactivara-la-economia-local-en-la-ciudad-sql\/","article_published_time":"2021-10-21T19:29:24+00:00","article_modified_time":"2021-11-01T17:33:35+00:00","og_image":[{"width":1024,"height":682,"url":"http:\/\/8.243.70.68\/pagina\/wp-content\/uploads\/2021\/10\/53313_dia-sin-iva-reactivara-la-economia-local-en-la-ciudad_1024x600.jpeg","type":"image\/jpeg"}],"twitter_card":"summary_large_image","twitter_misc":{"Escrito por":"CARLOS JOSE PABLOS GUTIERREZ","Tiempo estimado de lectura":"4 minutos"},"schema":{"@context":"https:\/\/schema.org","@graph":[{"@type":"WebSite","@id":"http:\/\/8.243.70.68\/pagina\/#website","url":"http:\/\/8.243.70.68\/pagina\/","name":"","description":"","potentialAction":[{"@type":"SearchAction","target":{"@type":"EntryPoint","urlTemplate":"http:\/\/8.243.70.68\/pagina\/?s={search_term_string}"},"query-input":"required name=search_term_string"}],"inLanguage":"es-CO"},{"@type":"ImageObject","@id":"http:\/\/8.243.70.68\/pagina\/dia-sin-iva-reactivara-la-economia-local-en-la-ciudad-sql\/#primaryimage","inLanguage":"es-CO","url":"http:\/\/8.243.70.68\/pagina\/wp-content\/uploads\/2021\/10\/53313_dia-sin-iva-reactivara-la-economia-local-en-la-ciudad_1024x600.jpeg","contentUrl":"http:\/\/8.243.70.68\/pagina\/wp-content\/uploads\/2021\/10\/53313_dia-sin-iva-reactivara-la-economia-local-en-la-ciudad_1024x600.jpeg","width":1024,"height":682},{"@type":"WebPage","@id":"http:\/\/8.243.70.68\/pagina\/dia-sin-iva-reactivara-la-economia-local-en-la-ciudad-sql\/#webpage","url":"http:\/\/8.243.70.68\/pagina\/dia-sin-iva-reactivara-la-economia-local-en-la-ciudad-sql\/","name":"\u201cD\u00cdA SIN IVA REACTIVAR\u00c1 LA ECONOM\u00cdA LOCAL EN LA CIUDAD\u201d JAIRO Y\u00c1\u00d1EZ -","isPartOf":{"@id":"http:\/\/8.243.70.68\/pagina\/#website"},"primaryImageOfPage":{"@id":"http:\/\/8.243.70.68\/pagina\/dia-sin-iva-reactivara-la-economia-local-en-la-ciudad-sql\/#primaryimage"},"datePublished":"2021-10-21T19:29:24+00:00","dateModified":"2021-11-01T17:33:35+00:00","author":{"@id":"http:\/\/8.243.70.68\/pagina\/#\/schema\/person\/d4edade63cce9a82562ad8f82660f77b"},"breadcrumb":{"@id":"http:\/\/8.243.70.68\/pagina\/dia-sin-iva-reactivara-la-economia-local-en-la-ciudad-sql\/#breadcrumb"},"inLanguage":"es-CO","potentialAction":[{"@type":"ReadAction","target":["http:\/\/8.243.70.68\/pagina\/dia-sin-iva-reactivara-la-economia-local-en-la-ciudad-sql\/"]}]},{"@type":"BreadcrumbList","@id":"http:\/\/8.243.70.68\/pagina\/dia-sin-iva-reactivara-la-economia-local-en-la-ciudad-sql\/#breadcrumb","itemListElement":[{"@type":"ListItem","position":1,"name":"Inicio","item":"http:\/\/8.243.70.68\/pagina\/"},{"@type":"ListItem","position":2,"name":"\u201cD\u00cdA SIN IVA REACTIVAR\u00c1 LA ECONOM\u00cdA LOCAL EN LA CIUDAD\u201d JAIRO Y\u00c1\u00d1EZ"}]},{"@type":"Person","@id":"http:\/\/8.243.70.68\/pagina\/#\/schema\/person\/d4edade63cce9a82562ad8f82660f77b","name":"CARLOS JOSE PABLOS GUTIERREZ","image":{"@type":"ImageObject","@id":"http:\/\/8.243.70.68\/pagina\/#personlogo","inLanguage":"es-CO","url":"https:\/\/secure.gravatar.com\/avatar\/06ffe7e257ba81e46757f49c36dc54925728bca41b0c3e04a176006956b5fa5a?s=96&d=blank&r=g","contentUrl":"https:\/\/secure.gravatar.com\/avatar\/06ffe7e257ba81e46757f49c36dc54925728bca41b0c3e04a176006956b5fa5a?s=96&d=blank&r=g","caption":"CARLOS JOSE PABLOS GUTIERREZ"},"url":"http:\/\/8.243.70.68\/pagina\/author\/carlos-pablos\/"}]}},"_links":{"self":[{"href":"http:\/\/8.243.70.68\/pagina\/wp-json\/wp\/v2\/posts\/14235","targetHints":{"allow":["GET"]}}],"collection":[{"href":"http:\/\/8.243.70.68\/pagina\/wp-json\/wp\/v2\/posts"}],"about":[{"href":"http:\/\/8.243.70.68\/pagina\/wp-json\/wp\/v2\/types\/post"}],"author":[{"embeddable":true,"href":"http:\/\/8.243.70.68\/pagina\/wp-json\/wp\/v2\/users\/8"}],"replies":[{"embeddable":true,"href":"http:\/\/8.243.70.68\/pagina\/wp-json\/wp\/v2\/comments?post=14235"}],"version-history":[{"count":3,"href":"http:\/\/8.243.70.68\/pagina\/wp-json\/wp\/v2\/posts\/14235\/revisions"}],"predecessor-version":[{"id":22302,"href":"http:\/\/8.243.70.68\/pagina\/wp-json\/wp\/v2\/posts\/14235\/revisions\/22302"}],"wp:featuredmedia":[{"embeddable":true,"href":"http:\/\/8.243.70.68\/pagina\/wp-json\/wp\/v2\/media\/16476"}],"wp:attachment":[{"href":"http:\/\/8.243.70.68\/pagina\/wp-json\/wp\/v2\/media?parent=14235"}],"wp:term":[{"taxonomy":"category","embeddable":true,"href":"http:\/\/8.243.70.68\/pagina\/wp-json\/wp\/v2\/categories?post=14235"},{"taxonomy":"post_tag","embeddable":true,"href":"http:\/\/8.243.70.68\/pagina\/wp-json\/wp\/v2\/tags?post=14235"}],"curies":[{"name":"wp","href":"https:\/\/api.w.org\/{rel}","templated":true}]}}